{"id":75196,"date":"2026-09-04T09:35:27","date_gmt":"2026-09-04T12:35:27","guid":{"rendered":"https:\/\/elurbanoweb.com.ar\/diario\/?p=75196"},"modified":"2026-09-04T09:35:27","modified_gmt":"2026-09-04T12:35:27","slug":"el-gobernador-presidio-la-apertura-del-congreso-de-la-federacion-argentina-de-sociedades-de-ginecologia-y-obstetricia","status":"publish","type":"post","link":"http:\/\/elurbanoweb.com.ar\/diario\/el-gobernador-presidio-la-apertura-del-congreso-de-la-federacion-argentina-de-sociedades-de-ginecologia-y-obstetricia\/","title":{"rendered":"El Gobernador presidi\u00f3 la apertura del Congreso de la Federaci\u00f3n Argentina de Sociedades de Ginecolog\u00eda y Obstetricia"},"content":{"rendered":"<p>Con la presencia del gobernador El\u00edas Su\u00e1rez, se realiz\u00f3 este jueves por la tarde el acto oficial de apertura del XL Congreso Nacional e Internacional de la Federaci\u00f3n Argentina de Sociedades de Ginecolog\u00eda y Obstetricia (Fasgo), que se desarrollar\u00e1 hasta el 5 de septiembre en el Centro de Convenciones F\u00f3rum de Santiago del Estero.<\/p>\n<p><img loading=\"lazy\" decoding=\"async\" class=\"alignnone wp-image-75197 size-large\" src=\"http:\/\/elurbanoweb.com.ar\/diario\/wp-content\/uploads\/2026\/09\/sociedades-1024x683.jpeg\" alt=\"\" width=\"1024\" height=\"683\" srcset=\"http:\/\/elurbanoweb.com.ar\/diario\/wp-content\/uploads\/2026\/09\/sociedades-1024x683.jpeg 1024w, http:\/\/elurbanoweb.com.ar\/diario\/wp-content\/uploads\/2026\/09\/sociedades-300x200.jpeg 300w, http:\/\/elurbanoweb.com.ar\/diario\/wp-content\/uploads\/2026\/09\/sociedades-150x100.jpeg 150w, http:\/\/elurbanoweb.com.ar\/diario\/wp-content\/uploads\/2026\/09\/sociedades.jpeg 1280w\" sizes=\"auto, (max-width: 1024px) 100vw, 1024px\" \/><\/p>\n<p><!--more--><\/p>\n<p>El encuentro cient\u00edfico re\u00fane a m\u00e1s de 3.000 asistentes, entre profesionales, especialistas, residentes y referentes de la ginecolog\u00eda y obstetricia de distintas provincias argentinas y del \u00e1mbito internacional.<\/p>\n<p>El evento, que lleva como lema \u201cLas sociedades y sus expertos\u201d, es organizado por la Sociedad de Obstetricia y Ginecolog\u00eda de Santiago del Estero junto con la Federaci\u00f3n Argentina de Sociedades de Ginecolog\u00eda y Obstetricia, con el respaldo del Gobierno de la provincia.<\/p>\n<p>Este congreso, que se realiza por primera vez en Santiago del Estero, representa un hecho hist\u00f3rico para la federaci\u00f3n y consolida a la provincia como sede de importantes actividades cient\u00edficas y acad\u00e9micas, promoviendo el intercambio de conocimientos, experiencias y actualizaci\u00f3n profesional.<\/p>\n<p>Tambi\u00e9n participaron de la ceremonia de apertura el vicegobernador Carlos Silva Neder; el jefe de Gabinete, V\u00edctor Araujo; la ministra de Salud, Natividad Nassif; el secretario de Salud, Gustavo Sabalza; el presidente de la federaci\u00f3n, Omar Latino; la presidenta de la Sociedad de Obstetricia y Ginecolog\u00eda local, Mariela Fuentes Costilla, y el disertante Adri\u00e1n Gaspar, entre otras autoridades acad\u00e9micas, representantes de instituciones y profesionales.<\/p>\n<p>Al hacer uso de la palabra, El\u00edas Su\u00e1rez destac\u00f3 la importancia del congreso, que permite compartir conocimientos y experiencias para mejorar los servicios de salud como una obligaci\u00f3n ineludible del Estado.<\/p>\n<p>En ese sentido, afirm\u00f3: \u201cVenimos poniendo todo el esfuerzo para mejorar nuestro sistema de salud, que se ve reflejado en su crecimiento con 9 hospitales de referencia en Santiago y La Banda; otros 92 centros de asistencia primaria de la salud en Capital y Banda; otros 47 hospitales en el interior y m\u00e1s de 430 puestos sanitarios en toda la provincia\u201d.<\/p>\n<p>En esa misma l\u00ednea, resalt\u00f3 las inversiones en equipamiento de \u00faltima generaci\u00f3n y en recursos humanos de calidad. \u201cSantiago del Estero, Madre de Ciudades, debe ser ese norte, ese objetivo que nos ponemos para mejorar la salud; brindar el acompa\u00f1amiento de nuestras mujeres. Desde luego, ofrezco todo mi compromiso para seguir en ese camino\u201d, expres\u00f3.<\/p>\n<p>Por su parte, el presidente de Fasgo marc\u00f3 como un gran acierto la elecci\u00f3n de Santiago del Estero como sede de este encuentro y resalt\u00f3 el car\u00e1cter federal de la instituci\u00f3n. \u201cPor primera vez en la historia de Fasgo se celebra un congreso en la Madre de Ciudades, en Santiago del Estero. Esto es mucho m\u00e1s que una nueva sede, es afirmar con hechos que Fasgo pertenece a todo el pa\u00eds y que la ciencia no debe tener fronteras geogr\u00e1ficas. Estoy convencido de que desde esta tierra vamos a escribir una p\u00e1gina extraordinaria y que esta provincia ser\u00e1 recordada como el lugar donde reafirmamos nuestra unidad y nuestro federalismo\u201d, se\u00f1al\u00f3.<\/p>\n","protected":false},"excerpt":{"rendered":"<p>Con la presencia del gobernador El\u00edas Su\u00e1rez, se realiz\u00f3 este jueves por la tarde el acto oficial de apertura del XL Congreso Nacional e Internacional de la Federaci\u00f3n Argentina de&hellip; <\/p>\n","protected":false},"author":1,"featured_media":75197,"comment_status":"closed","ping_status":"closed","sticky":false,"template":"","format":"standard","meta":{"footnotes":""},"categories":[2],"tags":[],"class_list":["post-75196","post","type-post","status-publish","format-standard","has-post-thumbnail","hentry","category-gobierno"],"_links":{"self":[{"href":"http:\/\/elurbanoweb.com.ar\/diario\/wp-json\/wp\/v2\/posts\/75196","targetHints":{"allow":["GET"]}}],"collection":[{"href":"http:\/\/elurbanoweb.com.ar\/diario\/wp-json\/wp\/v2\/posts"}],"about":[{"href":"http:\/\/elurbanoweb.com.ar\/diario\/wp-json\/wp\/v2\/types\/post"}],"author":[{"embeddable":true,"href":"http:\/\/elurbanoweb.com.ar\/diario\/wp-json\/wp\/v2\/users\/1"}],"replies":[{"embeddable":true,"href":"http:\/\/elurbanoweb.com.ar\/diario\/wp-json\/wp\/v2\/comments?post=75196"}],"version-history":[{"count":1,"href":"http:\/\/elurbanoweb.com.ar\/diario\/wp-json\/wp\/v2\/posts\/75196\/revisions"}],"predecessor-version":[{"id":75198,"href":"http:\/\/elurbanoweb.com.ar\/diario\/wp-json\/wp\/v2\/posts\/75196\/revisions\/75198"}],"wp:featuredmedia":[{"embeddable":true,"href":"http:\/\/elurbanoweb.com.ar\/diario\/wp-json\/wp\/v2\/media\/75197"}],"wp:attachment":[{"href":"http:\/\/elurbanoweb.com.ar\/diario\/wp-json\/wp\/v2\/media?parent=75196"}],"wp:term":[{"taxonomy":"category","embeddable":true,"href":"http:\/\/elurbanoweb.com.ar\/diario\/wp-json\/wp\/v2\/categories?post=75196"},{"taxonomy":"post_tag","embeddable":true,"href":"http:\/\/elurbanoweb.com.ar\/diario\/wp-json\/wp\/v2\/tags?post=75196"}],"curies":[{"name":"wp","href":"https:\/\/api.w.org\/{rel}","templated":true}]}}