{"id":75199,"date":"2026-09-04T09:37:08","date_gmt":"2026-09-04T12:37:08","guid":{"rendered":"https:\/\/elurbanoweb.com.ar\/diario\/?p=75199"},"modified":"2026-09-04T09:37:08","modified_gmt":"2026-09-04T12:37:08","slug":"convenio-entre-la-unse-y-fasgo-para-impulsar-la-formacion-y-la-investigacion-en-salud","status":"publish","type":"post","link":"http:\/\/elurbanoweb.com.ar\/diario\/convenio-entre-la-unse-y-fasgo-para-impulsar-la-formacion-y-la-investigacion-en-salud\/","title":{"rendered":"Convenio entre la UNSE y FASGO para impulsar la formaci\u00f3n y la investigaci\u00f3n en salud"},"content":{"rendered":"<p>En el marco del 40\u00b0 Congreso Argentino de Ginecolog\u00eda y Obstetricia, que se desarrolla en el F\u00f3rum, la Universidad Nacional de Santiago del Estero (UNSE) y la Federaci\u00f3n Argentina de Sociedades de Ginecolog\u00eda y Obstetricia &#8211; FASGO , formalizaron un convenio marco de cooperaci\u00f3n institucional.<\/p>\n<p><img loading=\"lazy\" decoding=\"async\" class=\"alignnone wp-image-75200 size-large\" src=\"http:\/\/elurbanoweb.com.ar\/diario\/wp-content\/uploads\/2026\/09\/investigacion1-1024x682.jpg\" alt=\"\" width=\"1024\" height=\"682\" srcset=\"http:\/\/elurbanoweb.com.ar\/diario\/wp-content\/uploads\/2026\/09\/investigacion1-1024x682.jpg 1024w, http:\/\/elurbanoweb.com.ar\/diario\/wp-content\/uploads\/2026\/09\/investigacion1-300x200.jpg 300w, http:\/\/elurbanoweb.com.ar\/diario\/wp-content\/uploads\/2026\/09\/investigacion1-150x100.jpg 150w, http:\/\/elurbanoweb.com.ar\/diario\/wp-content\/uploads\/2026\/09\/investigacion1-1536x1023.jpg 1536w, http:\/\/elurbanoweb.com.ar\/diario\/wp-content\/uploads\/2026\/09\/investigacion1.jpg 1600w\" sizes=\"auto, (max-width: 1024px) 100vw, 1024px\" \/><\/p>\n<p><!--more--> \u200bLa firma del acuerdo estuvo a cargo de la vicerrectora de la UNSE, Dra. Fernanda Mellano, y del presidente de FASGO, Dr. Jos\u00e9 Omar Latino. Por su parte hizo lo mismo el decano normalizador de la Facultad de Ciencias M\u00e9dicas, Med. Esp. Eduardo Lian Allub; acompa\u00f1aron la decana de la Facultad de Humanidades, Ciencias Sociales y de la Salud, Mg. Sandra Moreira y la presidenta de la Sociedad de Obstetricia y Ginecolog\u00eda de Santiago del Estero, Dra. Mariela Fuentes Costilla.<\/p>\n<p>A trav\u00e9s de esta articulaci\u00f3n institucional, el convenio promueve el desarrollo de proyectos de investigaci\u00f3n cient\u00edfica, instancias de formaci\u00f3n continua y pasant\u00edas formativas destinadas a docentes, profesionales y estudiantes del campo de la salud.<\/p>\n","protected":false},"excerpt":{"rendered":"<p>En el marco del 40\u00b0 Congreso Argentino de Ginecolog\u00eda y Obstetricia, que se desarrolla en el F\u00f3rum, la Universidad Nacional de Santiago del Estero (UNSE) y la Federaci\u00f3n Argentina de&hellip; <\/p>\n","protected":false},"author":1,"featured_media":75200,"comment_status":"closed","ping_status":"closed","sticky":false,"template":"","format":"standard","meta":{"footnotes":""},"categories":[15],"tags":[],"class_list":["post-75199","post","type-post","status-publish","format-standard","has-post-thumbnail","hentry","category-unse"],"_links":{"self":[{"href":"http:\/\/elurbanoweb.com.ar\/diario\/wp-json\/wp\/v2\/posts\/75199","targetHints":{"allow":["GET"]}}],"collection":[{"href":"http:\/\/elurbanoweb.com.ar\/diario\/wp-json\/wp\/v2\/posts"}],"about":[{"href":"http:\/\/elurbanoweb.com.ar\/diario\/wp-json\/wp\/v2\/types\/post"}],"author":[{"embeddable":true,"href":"http:\/\/elurbanoweb.com.ar\/diario\/wp-json\/wp\/v2\/users\/1"}],"replies":[{"embeddable":true,"href":"http:\/\/elurbanoweb.com.ar\/diario\/wp-json\/wp\/v2\/comments?post=75199"}],"version-history":[{"count":1,"href":"http:\/\/elurbanoweb.com.ar\/diario\/wp-json\/wp\/v2\/posts\/75199\/revisions"}],"predecessor-version":[{"id":75201,"href":"http:\/\/elurbanoweb.com.ar\/diario\/wp-json\/wp\/v2\/posts\/75199\/revisions\/75201"}],"wp:featuredmedia":[{"embeddable":true,"href":"http:\/\/elurbanoweb.com.ar\/diario\/wp-json\/wp\/v2\/media\/75200"}],"wp:attachment":[{"href":"http:\/\/elurbanoweb.com.ar\/diario\/wp-json\/wp\/v2\/media?parent=75199"}],"wp:term":[{"taxonomy":"category","embeddable":true,"href":"http:\/\/elurbanoweb.com.ar\/diario\/wp-json\/wp\/v2\/categories?post=75199"},{"taxonomy":"post_tag","embeddable":true,"href":"http:\/\/elurbanoweb.com.ar\/diario\/wp-json\/wp\/v2\/tags?post=75199"}],"curies":[{"name":"wp","href":"https:\/\/api.w.org\/{rel}","templated":true}]}}