{"id":75202,"date":"2026-09-04T09:39:00","date_gmt":"2026-09-04T12:39:00","guid":{"rendered":"https:\/\/elurbanoweb.com.ar\/diario\/?p=75202"},"modified":"2026-09-04T09:39:00","modified_gmt":"2026-09-04T12:39:00","slug":"exitoso-cierre-de-la-feria-de-ciencia-y-tecnologia","status":"publish","type":"post","link":"http:\/\/elurbanoweb.com.ar\/diario\/exitoso-cierre-de-la-feria-de-ciencia-y-tecnologia\/","title":{"rendered":"Exitoso cierre de la Feria de Ciencia y Tecnolog\u00eda"},"content":{"rendered":"<p>Con un gran marco de p\u00fablico y un balance positivo cerr\u00f3 la XXIII Feria Provincial de Ciencia y Tecnolog\u00eda, que se desarroll\u00f3 durante los d\u00edas mi\u00e9rcoles 2 y jueves 3 de septiembre en el Nodo Tecnol\u00f3gico.<\/p>\n<p><img loading=\"lazy\" decoding=\"async\" class=\"alignnone wp-image-75203 size-large\" src=\"http:\/\/elurbanoweb.com.ar\/diario\/wp-content\/uploads\/2026\/09\/exito19-1024x694.jpg\" alt=\"\" width=\"1024\" height=\"694\" srcset=\"http:\/\/elurbanoweb.com.ar\/diario\/wp-content\/uploads\/2026\/09\/exito19-1024x694.jpg 1024w, http:\/\/elurbanoweb.com.ar\/diario\/wp-content\/uploads\/2026\/09\/exito19-300x203.jpg 300w, http:\/\/elurbanoweb.com.ar\/diario\/wp-content\/uploads\/2026\/09\/exito19-150x102.jpg 150w, http:\/\/elurbanoweb.com.ar\/diario\/wp-content\/uploads\/2026\/09\/exito19-1536x1042.jpg 1536w, http:\/\/elurbanoweb.com.ar\/diario\/wp-content\/uploads\/2026\/09\/exito19-2048x1389.jpg 2048w\" sizes=\"auto, (max-width: 1024px) 100vw, 1024px\" \/><\/p>\n<p><!--more--><\/p>\n<p>El acto de cierre cont\u00f3 con la presencia del secretario de Ciencia y Tecnolog\u00eda, Adri\u00e1n Su\u00e1rez; el subsecretario de Educaci\u00f3n, Alejandro P\u00edccoli; el director de Gesti\u00f3n P\u00fablica, Ricardo Montenegro y la coordinadora jurisdiccional de Ferias de Ciencia y Tecnolog\u00eda, Mar\u00eda Dell \u2018Aringa, junto con evaluadores de la feria.<\/p>\n<p>Luego de un arduo trabajo de los miembros del jurado se realiz\u00f3 la selecci\u00f3n de los proyectos que representar\u00e1n a la provincia en la siguiente instancia.<\/p>\n<p>Entre los ganadores se encuentran proyectos de los diferentes niveles, desde el Inicial hasta el Primario y Secundario, tanto de la Capital, La Banda y del resto de la provincia.<\/p>\n<p>Los proyectos elegidos participar\u00e1n en la instancia nacional que se desarrollar\u00e1 en distintas sedes del pa\u00eds. El primer evento ser\u00e1 el 6, 7, 8 y 9 de octubre, en la ciudad de San Luis; el segundo el 20, 21, 22 y 23 de octubre, en San Salvador de Jujuy, y el tercero, el 23, 24, 25, 26 y 27 de noviembre, en la ciudad de C\u00f3rdoba.<\/p>\n<p>En el cierre, Suarez destac\u00f3 la trascendencia de este evento que se desarroll\u00f3 en el marco de los 10 a\u00f1os del Nodo Tecnol\u00f3gico. Tambi\u00e9n agradeci\u00f3 a los docentes y a todos los alumnos participantes.<\/p>\n<p>De igual manera, resalt\u00f3 el impulso del Gobierno de la provincia a este espacio, como a todas las acciones que tienden a contribuir con la educaci\u00f3n, la participaci\u00f3n de los ni\u00f1os y j\u00f3venes a trav\u00e9s del aprendizaje, el uso de nuevas tecnolog\u00edas y una formaci\u00f3n amplia e integral para abrirse camino ante los desaf\u00edos del presente y del futuro.<\/p>\n","protected":false},"excerpt":{"rendered":"<p>Con un gran marco de p\u00fablico y un balance positivo cerr\u00f3 la XXIII Feria Provincial de Ciencia y Tecnolog\u00eda, que se desarroll\u00f3 durante los d\u00edas mi\u00e9rcoles 2 y jueves 3&hellip; <\/p>\n","protected":false},"author":1,"featured_media":75203,"comment_status":"closed","ping_status":"closed","sticky":false,"template":"","format":"standard","meta":{"footnotes":""},"categories":[16],"tags":[],"class_list":["post-75202","post","type-post","status-publish","format-standard","has-post-thumbnail","hentry","category-locales"],"_links":{"self":[{"href":"http:\/\/elurbanoweb.com.ar\/diario\/wp-json\/wp\/v2\/posts\/75202","targetHints":{"allow":["GET"]}}],"collection":[{"href":"http:\/\/elurbanoweb.com.ar\/diario\/wp-json\/wp\/v2\/posts"}],"about":[{"href":"http:\/\/elurbanoweb.com.ar\/diario\/wp-json\/wp\/v2\/types\/post"}],"author":[{"embeddable":true,"href":"http:\/\/elurbanoweb.com.ar\/diario\/wp-json\/wp\/v2\/users\/1"}],"replies":[{"embeddable":true,"href":"http:\/\/elurbanoweb.com.ar\/diario\/wp-json\/wp\/v2\/comments?post=75202"}],"version-history":[{"count":1,"href":"http:\/\/elurbanoweb.com.ar\/diario\/wp-json\/wp\/v2\/posts\/75202\/revisions"}],"predecessor-version":[{"id":75204,"href":"http:\/\/elurbanoweb.com.ar\/diario\/wp-json\/wp\/v2\/posts\/75202\/revisions\/75204"}],"wp:featuredmedia":[{"embeddable":true,"href":"http:\/\/elurbanoweb.com.ar\/diario\/wp-json\/wp\/v2\/media\/75203"}],"wp:attachment":[{"href":"http:\/\/elurbanoweb.com.ar\/diario\/wp-json\/wp\/v2\/media?parent=75202"}],"wp:term":[{"taxonomy":"category","embeddable":true,"href":"http:\/\/elurbanoweb.com.ar\/diario\/wp-json\/wp\/v2\/categories?post=75202"},{"taxonomy":"post_tag","embeddable":true,"href":"http:\/\/elurbanoweb.com.ar\/diario\/wp-json\/wp\/v2\/tags?post=75202"}],"curies":[{"name":"wp","href":"https:\/\/api.w.org\/{rel}","templated":true}]}}