{"id":75205,"date":"2026-09-04T09:42:47","date_gmt":"2026-09-04T12:42:47","guid":{"rendered":"https:\/\/elurbanoweb.com.ar\/diario\/?p=75205"},"modified":"2026-09-04T09:42:47","modified_gmt":"2026-09-04T12:42:47","slug":"la-secretaria-de-bienestar-estudiantil-de-la-unse-convoco-a-una-reunion-como-parte-del-proceso-institucional-de-autoevaluacion-y-mejora-continua","status":"publish","type":"post","link":"http:\/\/elurbanoweb.com.ar\/diario\/la-secretaria-de-bienestar-estudiantil-de-la-unse-convoco-a-una-reunion-como-parte-del-proceso-institucional-de-autoevaluacion-y-mejora-continua\/","title":{"rendered":"La Secretar\u00eda de Bienestar Estudiantil de la UNSE convoc\u00f3 a una reuni\u00f3n como parte del proceso institucional de autoevaluaci\u00f3n y mejora continua"},"content":{"rendered":"<p>El objetivo principal fue, establecer las pautas para la recopilaci\u00f3n, elaboraci\u00f3n y entrega de la informaci\u00f3n sobre el funcionamiento e iniciativas proyectadas por cada una de las \u00e1reas.<\/p>\n<p><img loading=\"lazy\" decoding=\"async\" class=\"alignnone wp-image-75206 size-large\" src=\"http:\/\/elurbanoweb.com.ar\/diario\/wp-content\/uploads\/2026\/09\/bienestar2-1024x602.jpg\" alt=\"\" width=\"1024\" height=\"602\" srcset=\"http:\/\/elurbanoweb.com.ar\/diario\/wp-content\/uploads\/2026\/09\/bienestar2-1024x602.jpg 1024w, http:\/\/elurbanoweb.com.ar\/diario\/wp-content\/uploads\/2026\/09\/bienestar2-300x176.jpg 300w, http:\/\/elurbanoweb.com.ar\/diario\/wp-content\/uploads\/2026\/09\/bienestar2-150x88.jpg 150w, http:\/\/elurbanoweb.com.ar\/diario\/wp-content\/uploads\/2026\/09\/bienestar2-1536x903.jpg 1536w, http:\/\/elurbanoweb.com.ar\/diario\/wp-content\/uploads\/2026\/09\/bienestar2.jpg 2048w\" sizes=\"auto, (max-width: 1024px) 100vw, 1024px\" \/><\/p>\n<p><!--more-->La jornada fue encabezada por la Secretaria de Bienestar Estudiantil, Lic. Paola Zapella, quien expuso los lineamientos metodol\u00f3gicos, acciones a seguir y cont\u00f3 con la participaci\u00f3n de la Vicerrectora de la UNSE, Dra. Fernanda Mellano, quien destac\u00f3 el valor de articular estos espacios de coordinaci\u00f3n y trabajo conjunto entre las \u00e1reas.<\/p>\n","protected":false},"excerpt":{"rendered":"<p>El objetivo principal fue, establecer las pautas para la recopilaci\u00f3n, elaboraci\u00f3n y entrega de la informaci\u00f3n sobre el funcionamiento e iniciativas proyectadas por cada una de las \u00e1reas.<\/p>\n","protected":false},"author":1,"featured_media":75206,"comment_status":"closed","ping_status":"closed","sticky":false,"template":"","format":"standard","meta":{"footnotes":""},"categories":[15],"tags":[],"class_list":["post-75205","post","type-post","status-publish","format-standard","has-post-thumbnail","hentry","category-unse"],"_links":{"self":[{"href":"http:\/\/elurbanoweb.com.ar\/diario\/wp-json\/wp\/v2\/posts\/75205","targetHints":{"allow":["GET"]}}],"collection":[{"href":"http:\/\/elurbanoweb.com.ar\/diario\/wp-json\/wp\/v2\/posts"}],"about":[{"href":"http:\/\/elurbanoweb.com.ar\/diario\/wp-json\/wp\/v2\/types\/post"}],"author":[{"embeddable":true,"href":"http:\/\/elurbanoweb.com.ar\/diario\/wp-json\/wp\/v2\/users\/1"}],"replies":[{"embeddable":true,"href":"http:\/\/elurbanoweb.com.ar\/diario\/wp-json\/wp\/v2\/comments?post=75205"}],"version-history":[{"count":1,"href":"http:\/\/elurbanoweb.com.ar\/diario\/wp-json\/wp\/v2\/posts\/75205\/revisions"}],"predecessor-version":[{"id":75207,"href":"http:\/\/elurbanoweb.com.ar\/diario\/wp-json\/wp\/v2\/posts\/75205\/revisions\/75207"}],"wp:featuredmedia":[{"embeddable":true,"href":"http:\/\/elurbanoweb.com.ar\/diario\/wp-json\/wp\/v2\/media\/75206"}],"wp:attachment":[{"href":"http:\/\/elurbanoweb.com.ar\/diario\/wp-json\/wp\/v2\/media?parent=75205"}],"wp:term":[{"taxonomy":"category","embeddable":true,"href":"http:\/\/elurbanoweb.com.ar\/diario\/wp-json\/wp\/v2\/categories?post=75205"},{"taxonomy":"post_tag","embeddable":true,"href":"http:\/\/elurbanoweb.com.ar\/diario\/wp-json\/wp\/v2\/tags?post=75205"}],"curies":[{"name":"wp","href":"https:\/\/api.w.org\/{rel}","templated":true}]}}