{"id":75208,"date":"2026-09-04T09:45:08","date_gmt":"2026-09-04T12:45:08","guid":{"rendered":"https:\/\/elurbanoweb.com.ar\/diario\/?p=75208"},"modified":"2026-09-04T09:45:08","modified_gmt":"2026-09-04T12:45:08","slug":"tras-la-cadena-nacional-de-milei-zamora-pidio-unidad-por-malvinas-y-remarco-las-islas-nos-pertenecen","status":"publish","type":"post","link":"http:\/\/elurbanoweb.com.ar\/diario\/tras-la-cadena-nacional-de-milei-zamora-pidio-unidad-por-malvinas-y-remarco-las-islas-nos-pertenecen\/","title":{"rendered":"Tras la cadena nacional de Milei, Zamora pidi\u00f3 unidad por Malvinas y remarc\u00f3: \u201cLas islas nos pertenecen\u201d"},"content":{"rendered":"<p>El senador nacional y exgobernador valor\u00f3 la postura expresada por el Presidente en cadena nacional, destac\u00f3 las medidas contra la explotaci\u00f3n de recursos naturales y llam\u00f3 a dejar de lado las diferencias pol\u00edticas frente a la causa.<\/p>\n<p><img loading=\"lazy\" decoding=\"async\" class=\"alignnone wp-image-75209 size-full\" src=\"http:\/\/elurbanoweb.com.ar\/diario\/wp-content\/uploads\/2026\/09\/zamora4.jpg\" alt=\"\" width=\"1010\" height=\"567\" srcset=\"http:\/\/elurbanoweb.com.ar\/diario\/wp-content\/uploads\/2026\/09\/zamora4.jpg 1010w, http:\/\/elurbanoweb.com.ar\/diario\/wp-content\/uploads\/2026\/09\/zamora4-300x168.jpg 300w, http:\/\/elurbanoweb.com.ar\/diario\/wp-content\/uploads\/2026\/09\/zamora4-150x84.jpg 150w\" sizes=\"auto, (max-width: 1010px) 100vw, 1010px\" \/><\/p>\n<p><!--more--><\/p>\n<p>El senador nacional y exgobernador de Santiago del Estero, Gerardo Zamora, se refiri\u00f3 cerca de la medianoche a la cadena nacional brindada por Javier Milei sobre la cuesti\u00f3n Malvinas y expres\u00f3 su respaldo a varios de los anuncios realizados por el Gobierno nacional, al tiempo que llam\u00f3 a construir una posici\u00f3n com\u00fan en defensa de la soberan\u00eda argentina.<\/p>\n<p>A trav\u00e9s de sus redes sociales, Zamora consider\u00f3 \u201cmuy valorable el cambio de posici\u00f3n del Gobierno nacional respecto a nuestras Islas Malvinas\u201d y sostuvo que esa postura permite alcanzar un punto de coincidencia entre los distintos sectores pol\u00edticos. \u201cEsto permite que podamos estar todos los argentinos de acuerdo, las Islas Malvinas nos pertenecen\u201d, afirm\u00f3.<\/p>\n<p>El legislador tambi\u00e9n destac\u00f3 la decisi\u00f3n anunciada por Milei de fortalecer la presencia argentina en el Atl\u00e1ntico Sur y la Ant\u00e1rtida, junto con el impulso de una estrategia diplom\u00e1tica y jur\u00eddica en el plano internacional. En ese sentido, manifest\u00f3 su acompa\u00f1amiento a \u201ctodas las acciones necesarias\u201d que permitan ejercer los derechos soberanos del pa\u00eds.<\/p>\n<p>Otro de los puntos resaltados por Zamora fue la postura del Gobierno frente a la explotaci\u00f3n de los recursos naturales en la zona en disputa. \u201cEs de suma importancia que el Gobierno nacional haya decidido aplicar con firmeza todas las acciones al alcance para no permitir la explotaci\u00f3n ileg\u00edtima de nuestros recursos naturales\u201d, expres\u00f3.<\/p>\n<p>En ese marco, hizo referencia particularmente a los proyectos de exploraci\u00f3n petrolera y cuestion\u00f3 que puedan avanzar actividades desarrolladas por empresas extranjeras junto al Reino Unido sin autorizaci\u00f3n argentina.<\/p>\n<p>Finalmente, el senador santiague\u00f1o coincidi\u00f3 con el llamado a colocar la cuesti\u00f3n Malvinas por encima de las diferencias partidarias y electorales. \u201cNing\u00fan inter\u00e9s subalterno, diferencia pol\u00edtica o especulaci\u00f3n electoral puede estar por encima de una causa sagrada para los intereses de nuestra Naci\u00f3n\u201d, se\u00f1al\u00f3.<\/p>\n<p>Zamora concluy\u00f3 su publicaci\u00f3n con un llamado a conformar \u201cun frente institucional y pol\u00edtico\u201d que re\u00fana a todos los argentinos en defensa de la soberan\u00eda y cerr\u00f3 con una frase contundente: \u201cLas Malvinas son Argentinas\u201d.<\/p>\n","protected":false},"excerpt":{"rendered":"<p>El senador nacional y exgobernador valor\u00f3 la postura expresada por el Presidente en cadena nacional, destac\u00f3 las medidas contra la explotaci\u00f3n de recursos naturales y llam\u00f3 a dejar de lado&hellip; <\/p>\n","protected":false},"author":1,"featured_media":75209,"comment_status":"closed","ping_status":"closed","sticky":false,"template":"","format":"standard","meta":{"footnotes":""},"categories":[2],"tags":[],"class_list":["post-75208","post","type-post","status-publish","format-standard","has-post-thumbnail","hentry","category-gobierno"],"_links":{"self":[{"href":"http:\/\/elurbanoweb.com.ar\/diario\/wp-json\/wp\/v2\/posts\/75208","targetHints":{"allow":["GET"]}}],"collection":[{"href":"http:\/\/elurbanoweb.com.ar\/diario\/wp-json\/wp\/v2\/posts"}],"about":[{"href":"http:\/\/elurbanoweb.com.ar\/diario\/wp-json\/wp\/v2\/types\/post"}],"author":[{"embeddable":true,"href":"http:\/\/elurbanoweb.com.ar\/diario\/wp-json\/wp\/v2\/users\/1"}],"replies":[{"embeddable":true,"href":"http:\/\/elurbanoweb.com.ar\/diario\/wp-json\/wp\/v2\/comments?post=75208"}],"version-history":[{"count":1,"href":"http:\/\/elurbanoweb.com.ar\/diario\/wp-json\/wp\/v2\/posts\/75208\/revisions"}],"predecessor-version":[{"id":75210,"href":"http:\/\/elurbanoweb.com.ar\/diario\/wp-json\/wp\/v2\/posts\/75208\/revisions\/75210"}],"wp:featuredmedia":[{"embeddable":true,"href":"http:\/\/elurbanoweb.com.ar\/diario\/wp-json\/wp\/v2\/media\/75209"}],"wp:attachment":[{"href":"http:\/\/elurbanoweb.com.ar\/diario\/wp-json\/wp\/v2\/media?parent=75208"}],"wp:term":[{"taxonomy":"category","embeddable":true,"href":"http:\/\/elurbanoweb.com.ar\/diario\/wp-json\/wp\/v2\/categories?post=75208"},{"taxonomy":"post_tag","embeddable":true,"href":"http:\/\/elurbanoweb.com.ar\/diario\/wp-json\/wp\/v2\/tags?post=75208"}],"curies":[{"name":"wp","href":"https:\/\/api.w.org\/{rel}","templated":true}]}}