{"id":75211,"date":"2026-09-04T09:46:36","date_gmt":"2026-09-04T12:46:36","guid":{"rendered":"https:\/\/elurbanoweb.com.ar\/diario\/?p=75211"},"modified":"2026-09-04T09:46:36","modified_gmt":"2026-09-04T12:46:36","slug":"la-municipalidad-y-el-inta-iniciaron-el-curso-gratuito-para-obtener-el-carnet-de-manipuladores-de-alimentos","status":"publish","type":"post","link":"http:\/\/elurbanoweb.com.ar\/diario\/la-municipalidad-y-el-inta-iniciaron-el-curso-gratuito-para-obtener-el-carnet-de-manipuladores-de-alimentos\/","title":{"rendered":"La Municipalidad y el Inta iniciaron el curso gratuito para obtener el carnet de manipuladores de alimentos"},"content":{"rendered":"<p>La Municipalidad de la Capital, a trav\u00e9s de la Direcci\u00f3n de Desarrollo Social, organiz\u00f3 conjuntamente con el INTA un Curso para Manipuladores de Alimentos, destinado a productores de alimentos y a personas que trabajan en la elaboraci\u00f3n y\/o manipulaci\u00f3n de alimentos.<\/p>\n<p><img loading=\"lazy\" decoding=\"async\" class=\"alignnone wp-image-75212 size-large\" src=\"http:\/\/elurbanoweb.com.ar\/diario\/wp-content\/uploads\/2026\/09\/gratis14-1024x682.jpg\" alt=\"\" width=\"1024\" height=\"682\" srcset=\"http:\/\/elurbanoweb.com.ar\/diario\/wp-content\/uploads\/2026\/09\/gratis14-1024x682.jpg 1024w, http:\/\/elurbanoweb.com.ar\/diario\/wp-content\/uploads\/2026\/09\/gratis14-300x200.jpg 300w, http:\/\/elurbanoweb.com.ar\/diario\/wp-content\/uploads\/2026\/09\/gratis14-150x100.jpg 150w, http:\/\/elurbanoweb.com.ar\/diario\/wp-content\/uploads\/2026\/09\/gratis14-1536x1023.jpg 1536w, http:\/\/elurbanoweb.com.ar\/diario\/wp-content\/uploads\/2026\/09\/gratis14.jpg 1600w\" sizes=\"auto, (max-width: 1024px) 100vw, 1024px\" \/><\/p>\n<p><!--more--> Tambi\u00e9n abarc\u00f3 a personal de establecimientos donde se fracciones, almacenen, transporten y comercialicen alimentos.<\/p>\n<p>La capacitaci\u00f3n es gratuita, cuenta con cupos limitados, y tiene como objetivo brindar herramientas y conocimientos fundamentales para obtener el Carnet de Manipulador de Alimentos, con alcance nacional y con validez de tres a\u00f1os.<\/p>\n<p>El curso contempla una instancia te\u00f3rica que fue la jornada del jueves y la parte pr\u00e1ctica con ex\u00e1men final, que se realizar\u00e1 el 8 de septiembre. La pr\u00f3xima jornada ser\u00e1 en el horario de 9:30 horas, en la Casa del Bicentenario de la Municipalidad, ubicada en el Parque Aguirre, en Olaechea y Mendoza.<\/p>\n","protected":false},"excerpt":{"rendered":"<p>La Municipalidad de la Capital, a trav\u00e9s de la Direcci\u00f3n de Desarrollo Social, organiz\u00f3 conjuntamente con el INTA un Curso para Manipuladores de Alimentos, destinado a productores de alimentos y&hellip; <\/p>\n","protected":false},"author":1,"featured_media":75212,"comment_status":"closed","ping_status":"closed","sticky":false,"template":"","format":"standard","meta":{"footnotes":""},"categories":[3],"tags":[],"class_list":["post-75211","post","type-post","status-publish","format-standard","has-post-thumbnail","hentry","category-municipio"],"_links":{"self":[{"href":"http:\/\/elurbanoweb.com.ar\/diario\/wp-json\/wp\/v2\/posts\/75211","targetHints":{"allow":["GET"]}}],"collection":[{"href":"http:\/\/elurbanoweb.com.ar\/diario\/wp-json\/wp\/v2\/posts"}],"about":[{"href":"http:\/\/elurbanoweb.com.ar\/diario\/wp-json\/wp\/v2\/types\/post"}],"author":[{"embeddable":true,"href":"http:\/\/elurbanoweb.com.ar\/diario\/wp-json\/wp\/v2\/users\/1"}],"replies":[{"embeddable":true,"href":"http:\/\/elurbanoweb.com.ar\/diario\/wp-json\/wp\/v2\/comments?post=75211"}],"version-history":[{"count":1,"href":"http:\/\/elurbanoweb.com.ar\/diario\/wp-json\/wp\/v2\/posts\/75211\/revisions"}],"predecessor-version":[{"id":75213,"href":"http:\/\/elurbanoweb.com.ar\/diario\/wp-json\/wp\/v2\/posts\/75211\/revisions\/75213"}],"wp:featuredmedia":[{"embeddable":true,"href":"http:\/\/elurbanoweb.com.ar\/diario\/wp-json\/wp\/v2\/media\/75212"}],"wp:attachment":[{"href":"http:\/\/elurbanoweb.com.ar\/diario\/wp-json\/wp\/v2\/media?parent=75211"}],"wp:term":[{"taxonomy":"category","embeddable":true,"href":"http:\/\/elurbanoweb.com.ar\/diario\/wp-json\/wp\/v2\/categories?post=75211"},{"taxonomy":"post_tag","embeddable":true,"href":"http:\/\/elurbanoweb.com.ar\/diario\/wp-json\/wp\/v2\/tags?post=75211"}],"curies":[{"name":"wp","href":"https:\/\/api.w.org\/{rel}","templated":true}]}}