{"id":75217,"date":"2026-09-04T16:12:35","date_gmt":"2026-09-04T19:12:35","guid":{"rendered":"https:\/\/elurbanoweb.com.ar\/diario\/?p=75217"},"modified":"2026-09-04T16:12:35","modified_gmt":"2026-09-04T19:12:35","slug":"se-realizo-la-jornada-de-capacitacion-sobre-el-uso-del-sistema-de-gestion-de-proyectos-de-investigacion-sigepi","status":"publish","type":"post","link":"http:\/\/elurbanoweb.com.ar\/diario\/se-realizo-la-jornada-de-capacitacion-sobre-el-uso-del-sistema-de-gestion-de-proyectos-de-investigacion-sigepi\/","title":{"rendered":"Se realiz\u00f3 la Jornada de Capacitaci\u00f3n sobre el uso del Sistema de Gesti\u00f3n de Proyectos de Investigaci\u00f3n (SiGePi)"},"content":{"rendered":"<p>A cargo del \u00c1rea de Programas y Proyectos de la SECyT-UNSE, dependiente de la Secretar\u00eda de Ciencia y T\u00e9cnica.<\/p>\n<p><img loading=\"lazy\" decoding=\"async\" class=\"alignnone wp-image-75218 size-large\" src=\"http:\/\/elurbanoweb.com.ar\/diario\/wp-content\/uploads\/2026\/09\/capacitacion6-1024x683.jpg\" alt=\"\" width=\"1024\" height=\"683\" srcset=\"http:\/\/elurbanoweb.com.ar\/diario\/wp-content\/uploads\/2026\/09\/capacitacion6-1024x683.jpg 1024w, http:\/\/elurbanoweb.com.ar\/diario\/wp-content\/uploads\/2026\/09\/capacitacion6-300x200.jpg 300w, http:\/\/elurbanoweb.com.ar\/diario\/wp-content\/uploads\/2026\/09\/capacitacion6-150x100.jpg 150w, http:\/\/elurbanoweb.com.ar\/diario\/wp-content\/uploads\/2026\/09\/capacitacion6-1536x1024.jpg 1536w, http:\/\/elurbanoweb.com.ar\/diario\/wp-content\/uploads\/2026\/09\/capacitacion6.jpg 2048w\" sizes=\"auto, (max-width: 1024px) 100vw, 1024px\" \/><\/p>\n<p><!--more--> Estuvieron presentes la Secretaria de Ciencia y T\u00e9cnica, Dra. Mar\u00eda Jos\u00e9 Benac ; el equipo t\u00e9cnico del SiGePi; decanos de las facultades de la UNSE y directores de proyectos interesados en postularse a la convocatoria 2027.<\/p>\n<p>El SiGePI-UNSE es una plataforma integral para la gesti\u00f3n, evaluaci\u00f3n y seguimiento de proyectos cient\u00edficos, dise\u00f1ada para almacenar y procesar de manera eficiente la informaci\u00f3n de las investigaciones de la universidad.<\/p>\n<p>Estas instancias formativas contin\u00faan consolidando el compromiso de la UNSE con la innovaci\u00f3n, la transparencia y la excelencia acad\u00e9mica de sus proyectos al servicio de la comunidad<\/p>\n","protected":false},"excerpt":{"rendered":"<p>A cargo del \u00c1rea de Programas y Proyectos de la SECyT-UNSE, dependiente de la Secretar\u00eda de Ciencia y T\u00e9cnica.<\/p>\n","protected":false},"author":1,"featured_media":75218,"comment_status":"closed","ping_status":"closed","sticky":false,"template":"","format":"standard","meta":{"footnotes":""},"categories":[15],"tags":[],"class_list":["post-75217","post","type-post","status-publish","format-standard","has-post-thumbnail","hentry","category-unse"],"_links":{"self":[{"href":"http:\/\/elurbanoweb.com.ar\/diario\/wp-json\/wp\/v2\/posts\/75217","targetHints":{"allow":["GET"]}}],"collection":[{"href":"http:\/\/elurbanoweb.com.ar\/diario\/wp-json\/wp\/v2\/posts"}],"about":[{"href":"http:\/\/elurbanoweb.com.ar\/diario\/wp-json\/wp\/v2\/types\/post"}],"author":[{"embeddable":true,"href":"http:\/\/elurbanoweb.com.ar\/diario\/wp-json\/wp\/v2\/users\/1"}],"replies":[{"embeddable":true,"href":"http:\/\/elurbanoweb.com.ar\/diario\/wp-json\/wp\/v2\/comments?post=75217"}],"version-history":[{"count":1,"href":"http:\/\/elurbanoweb.com.ar\/diario\/wp-json\/wp\/v2\/posts\/75217\/revisions"}],"predecessor-version":[{"id":75219,"href":"http:\/\/elurbanoweb.com.ar\/diario\/wp-json\/wp\/v2\/posts\/75217\/revisions\/75219"}],"wp:featuredmedia":[{"embeddable":true,"href":"http:\/\/elurbanoweb.com.ar\/diario\/wp-json\/wp\/v2\/media\/75218"}],"wp:attachment":[{"href":"http:\/\/elurbanoweb.com.ar\/diario\/wp-json\/wp\/v2\/media?parent=75217"}],"wp:term":[{"taxonomy":"category","embeddable":true,"href":"http:\/\/elurbanoweb.com.ar\/diario\/wp-json\/wp\/v2\/categories?post=75217"},{"taxonomy":"post_tag","embeddable":true,"href":"http:\/\/elurbanoweb.com.ar\/diario\/wp-json\/wp\/v2\/tags?post=75217"}],"curies":[{"name":"wp","href":"https:\/\/api.w.org\/{rel}","templated":true}]}}