{"id":75220,"date":"2026-09-04T16:14:07","date_gmt":"2026-09-04T19:14:07","guid":{"rendered":"https:\/\/elurbanoweb.com.ar\/diario\/?p=75220"},"modified":"2026-09-04T16:14:07","modified_gmt":"2026-09-04T19:14:07","slug":"el-hospital-zonal-de-campo-gallo-realizo-ocho-nuevas-cirugias-en-dos-jornadas","status":"publish","type":"post","link":"http:\/\/elurbanoweb.com.ar\/diario\/el-hospital-zonal-de-campo-gallo-realizo-ocho-nuevas-cirugias-en-dos-jornadas\/","title":{"rendered":"El Hospital Zonal de Campo Gallo realiz\u00f3 ocho nuevas cirug\u00edas en dos jornadas"},"content":{"rendered":"<p>Las intervenciones se concretaron en el marco del Programa Quir\u00fargico Itinerante del Interior y permitieron atender a pacientes de Campo Gallo y localidades cercanas.<\/p>\n<p><img loading=\"lazy\" decoding=\"async\" class=\"alignnone wp-image-75221 size-full\" src=\"http:\/\/elurbanoweb.com.ar\/diario\/wp-content\/uploads\/2026\/09\/nueve9.jpg\" alt=\"\" width=\"1010\" height=\"567\" srcset=\"http:\/\/elurbanoweb.com.ar\/diario\/wp-content\/uploads\/2026\/09\/nueve9.jpg 1010w, http:\/\/elurbanoweb.com.ar\/diario\/wp-content\/uploads\/2026\/09\/nueve9-300x168.jpg 300w, http:\/\/elurbanoweb.com.ar\/diario\/wp-content\/uploads\/2026\/09\/nueve9-150x84.jpg 150w\" sizes=\"auto, (max-width: 1010px) 100vw, 1010px\" \/><\/p>\n<p><!--more--><\/p>\n<p>El Dr. Jos\u00e9 G\u00f3mez, director del Nuevo Hospital Zonal de Campo Gallo, inform\u00f3 que se realizaron ocho nuevas cirug\u00edas programadas durante dos intensas jornadas de trabajo.<\/p>\n<p>Las intervenciones se llevaron a cabo en los dos quir\u00f3fanos del establecimiento, dotados de equipamiento de \u00faltima generaci\u00f3n. El hospital tambi\u00e9n cuenta con servicios de diagn\u00f3stico por im\u00e1genes y estudios complementarios que permiten evaluar a los pacientes y establecer las indicaciones quir\u00fargicas. Asimismo, mediante el sistema de teleconsulta, se realizan interconsultas remotas prequir\u00fargicas y posquirurgicas con m\u00e9dicos cirujanos especialistas.<\/p>\n<p>En el marco del Programa Quir\u00fargico Itinerante del Interior se concretaron tres colecistectom\u00edas \u2014extracciones de ves\u00edcula biliar\u2014 por videolaparoscop\u00eda y cinco hernioplastias, mediante t\u00e9cnicas m\u00ednimamente invasivas. Los pacientes intervenidos residen en distintos barrios de la ciudad de Campo Gallo y en las localidades de Donadeu y Granadero Gatica.<\/p>\n<p>El equipo actuante estuvo integrado por el m\u00e9dico cirujano Dr. Hugo Egea y el m\u00e9dico anestesi\u00f3logo Dr. Sergio Santill\u00e1n. La coordinaci\u00f3n de los quir\u00f3fanos estuvo a cargo del Lic. Hugo Risso Patr\u00f3n.<\/p>\n","protected":false},"excerpt":{"rendered":"<p>Las intervenciones se concretaron en el marco del Programa Quir\u00fargico Itinerante del Interior y permitieron atender a pacientes de Campo Gallo y localidades cercanas.<\/p>\n","protected":false},"author":1,"featured_media":75221,"comment_status":"closed","ping_status":"closed","sticky":false,"template":"","format":"standard","meta":{"footnotes":""},"categories":[10],"tags":[],"class_list":["post-75220","post","type-post","status-publish","format-standard","has-post-thumbnail","hentry","category-interior"],"_links":{"self":[{"href":"http:\/\/elurbanoweb.com.ar\/diario\/wp-json\/wp\/v2\/posts\/75220","targetHints":{"allow":["GET"]}}],"collection":[{"href":"http:\/\/elurbanoweb.com.ar\/diario\/wp-json\/wp\/v2\/posts"}],"about":[{"href":"http:\/\/elurbanoweb.com.ar\/diario\/wp-json\/wp\/v2\/types\/post"}],"author":[{"embeddable":true,"href":"http:\/\/elurbanoweb.com.ar\/diario\/wp-json\/wp\/v2\/users\/1"}],"replies":[{"embeddable":true,"href":"http:\/\/elurbanoweb.com.ar\/diario\/wp-json\/wp\/v2\/comments?post=75220"}],"version-history":[{"count":1,"href":"http:\/\/elurbanoweb.com.ar\/diario\/wp-json\/wp\/v2\/posts\/75220\/revisions"}],"predecessor-version":[{"id":75222,"href":"http:\/\/elurbanoweb.com.ar\/diario\/wp-json\/wp\/v2\/posts\/75220\/revisions\/75222"}],"wp:featuredmedia":[{"embeddable":true,"href":"http:\/\/elurbanoweb.com.ar\/diario\/wp-json\/wp\/v2\/media\/75221"}],"wp:attachment":[{"href":"http:\/\/elurbanoweb.com.ar\/diario\/wp-json\/wp\/v2\/media?parent=75220"}],"wp:term":[{"taxonomy":"category","embeddable":true,"href":"http:\/\/elurbanoweb.com.ar\/diario\/wp-json\/wp\/v2\/categories?post=75220"},{"taxonomy":"post_tag","embeddable":true,"href":"http:\/\/elurbanoweb.com.ar\/diario\/wp-json\/wp\/v2\/tags?post=75220"}],"curies":[{"name":"wp","href":"https:\/\/api.w.org\/{rel}","templated":true}]}}