{"id":75223,"date":"2026-09-04T16:16:00","date_gmt":"2026-09-04T19:16:00","guid":{"rendered":"https:\/\/elurbanoweb.com.ar\/diario\/?p=75223"},"modified":"2026-09-04T16:16:00","modified_gmt":"2026-09-04T19:16:00","slug":"la-unse-compartio-su-oferta-academica-en-la-feria-educativa-de-fernandez","status":"publish","type":"post","link":"http:\/\/elurbanoweb.com.ar\/diario\/la-unse-compartio-su-oferta-academica-en-la-feria-educativa-de-fernandez\/","title":{"rendered":"La UNSE comparti\u00f3 su oferta acad\u00e9mica en la Feria Educativa de Fern\u00e1ndez"},"content":{"rendered":"<p>Este viernes 4 de septiembre, nuestra universidad estuvo presente en la tercera edici\u00f3n de la Feria de Oferta Educativa de Fern\u00e1ndez, una propuesta organizada por la Municipalidad de esa ciudad para acercar a estudiantes del nivel secundario informaci\u00f3n sobre las distintas alternativas de formaci\u00f3n superior.<\/p>\n<p><img loading=\"lazy\" decoding=\"async\" class=\"alignnone wp-image-75224 size-large\" src=\"http:\/\/elurbanoweb.com.ar\/diario\/wp-content\/uploads\/2026\/09\/educativa4-1024x490.jpg\" alt=\"\" width=\"1024\" height=\"490\" srcset=\"http:\/\/elurbanoweb.com.ar\/diario\/wp-content\/uploads\/2026\/09\/educativa4-1024x490.jpg 1024w, http:\/\/elurbanoweb.com.ar\/diario\/wp-content\/uploads\/2026\/09\/educativa4-300x143.jpg 300w, http:\/\/elurbanoweb.com.ar\/diario\/wp-content\/uploads\/2026\/09\/educativa4-150x72.jpg 150w, http:\/\/elurbanoweb.com.ar\/diario\/wp-content\/uploads\/2026\/09\/educativa4.jpg 1280w\" sizes=\"auto, (max-width: 1024px) 100vw, 1024px\" \/><\/p>\n<p><!--more-->En representaci\u00f3n de la UNSE, participaron integrantes de la Comisi\u00f3n de Difusi\u00f3n y estudiantes avanzados de distintas carreras, quienes estuvieron a cargo del stand institucional.<\/p>\n<p>Durante la jornada, brindaron informaci\u00f3n sobre las carreras y propuestas formativas de las facultades y escuelas de la Universidad, respondieron consultas y entregaron materiales destinados a acompa\u00f1ar a los j\u00f3venes en el proceso de elecci\u00f3n de sus estudios superiores.<\/p>\n<p>Desde la UNSE seguimos acercando nuestra propuesta acad\u00e9mica a los j\u00f3venes y acompa\u00f1\u00e1ndolos en el camino hacia su futuro profesional.<\/p>\n","protected":false},"excerpt":{"rendered":"<p>Este viernes 4 de septiembre, nuestra universidad estuvo presente en la tercera edici\u00f3n de la Feria de Oferta Educativa de Fern\u00e1ndez, una propuesta organizada por la Municipalidad de esa ciudad&hellip; <\/p>\n","protected":false},"author":1,"featured_media":75224,"comment_status":"closed","ping_status":"closed","sticky":false,"template":"","format":"standard","meta":{"footnotes":""},"categories":[15],"tags":[],"class_list":["post-75223","post","type-post","status-publish","format-standard","has-post-thumbnail","hentry","category-unse"],"_links":{"self":[{"href":"http:\/\/elurbanoweb.com.ar\/diario\/wp-json\/wp\/v2\/posts\/75223","targetHints":{"allow":["GET"]}}],"collection":[{"href":"http:\/\/elurbanoweb.com.ar\/diario\/wp-json\/wp\/v2\/posts"}],"about":[{"href":"http:\/\/elurbanoweb.com.ar\/diario\/wp-json\/wp\/v2\/types\/post"}],"author":[{"embeddable":true,"href":"http:\/\/elurbanoweb.com.ar\/diario\/wp-json\/wp\/v2\/users\/1"}],"replies":[{"embeddable":true,"href":"http:\/\/elurbanoweb.com.ar\/diario\/wp-json\/wp\/v2\/comments?post=75223"}],"version-history":[{"count":1,"href":"http:\/\/elurbanoweb.com.ar\/diario\/wp-json\/wp\/v2\/posts\/75223\/revisions"}],"predecessor-version":[{"id":75225,"href":"http:\/\/elurbanoweb.com.ar\/diario\/wp-json\/wp\/v2\/posts\/75223\/revisions\/75225"}],"wp:featuredmedia":[{"embeddable":true,"href":"http:\/\/elurbanoweb.com.ar\/diario\/wp-json\/wp\/v2\/media\/75224"}],"wp:attachment":[{"href":"http:\/\/elurbanoweb.com.ar\/diario\/wp-json\/wp\/v2\/media?parent=75223"}],"wp:term":[{"taxonomy":"category","embeddable":true,"href":"http:\/\/elurbanoweb.com.ar\/diario\/wp-json\/wp\/v2\/categories?post=75223"},{"taxonomy":"post_tag","embeddable":true,"href":"http:\/\/elurbanoweb.com.ar\/diario\/wp-json\/wp\/v2\/tags?post=75223"}],"curies":[{"name":"wp","href":"https:\/\/api.w.org\/{rel}","templated":true}]}}