{"id":75226,"date":"2026-09-04T16:17:25","date_gmt":"2026-09-04T19:17:25","guid":{"rendered":"https:\/\/elurbanoweb.com.ar\/diario\/?p=75226"},"modified":"2026-09-04T16:17:25","modified_gmt":"2026-09-04T19:17:25","slug":"elias-suarez-se-pronuncio-sobre-malvinas-el-pueblo-argentino-nunca-renunciara-al-reclamo-de-soberania","status":"publish","type":"post","link":"http:\/\/elurbanoweb.com.ar\/diario\/elias-suarez-se-pronuncio-sobre-malvinas-el-pueblo-argentino-nunca-renunciara-al-reclamo-de-soberania\/","title":{"rendered":"El\u00edas Su\u00e1rez se pronunci\u00f3 sobre Malvinas: \u201cEl pueblo argentino nunca renunciar\u00e1 al reclamo de soberan\u00eda\u201d"},"content":{"rendered":"<p>El gobernador de Santiago del Estero reafirm\u00f3 la posici\u00f3n argentina sobre las islas a trav\u00e9s de sus redes sociales, en medio de las repercusiones generadas por la cadena nacional de Javier Milei.<\/p>\n<p><img loading=\"lazy\" decoding=\"async\" class=\"alignnone wp-image-75227 size-full\" src=\"http:\/\/elurbanoweb.com.ar\/diario\/wp-content\/uploads\/2026\/09\/elias10.jpg\" alt=\"\" width=\"1010\" height=\"567\" srcset=\"http:\/\/elurbanoweb.com.ar\/diario\/wp-content\/uploads\/2026\/09\/elias10.jpg 1010w, http:\/\/elurbanoweb.com.ar\/diario\/wp-content\/uploads\/2026\/09\/elias10-300x168.jpg 300w, http:\/\/elurbanoweb.com.ar\/diario\/wp-content\/uploads\/2026\/09\/elias10-150x84.jpg 150w\" sizes=\"auto, (max-width: 1010px) 100vw, 1010px\" \/><\/p>\n<p><!--more--><\/p>\n<p>El gobernador de Santiago del Estero, El\u00edas Su\u00e1rez, se pronunci\u00f3 este viernes sobre la cuesti\u00f3n Malvinas y reafirm\u00f3 el reclamo argentino de soberan\u00eda sobre el archipi\u00e9lago, luego de la cadena nacional brindada por el presidente Javier Milei.<\/p>\n<p>A trav\u00e9s de sus redes sociales, el mandatario provincial public\u00f3 un breve pero contundente mensaje en el que ratific\u00f3 la posici\u00f3n hist\u00f3rica de la Argentina sobre las islas.<\/p>\n<p>\u201cLas Malvinas son y ser\u00e1n siempre argentinas y el pueblo argentino nunca renunciar\u00e1 al reclamo de soberan\u00eda sobre nuestras islas\u201d, expres\u00f3 Su\u00e1rez.<\/p>\n","protected":false},"excerpt":{"rendered":"<p>El gobernador de Santiago del Estero reafirm\u00f3 la posici\u00f3n argentina sobre las islas a trav\u00e9s de sus redes sociales, en medio de las repercusiones generadas por la cadena nacional de&hellip; <\/p>\n","protected":false},"author":1,"featured_media":75227,"comment_status":"closed","ping_status":"closed","sticky":false,"template":"","format":"standard","meta":{"footnotes":""},"categories":[2],"tags":[],"class_list":["post-75226","post","type-post","status-publish","format-standard","has-post-thumbnail","hentry","category-gobierno"],"_links":{"self":[{"href":"http:\/\/elurbanoweb.com.ar\/diario\/wp-json\/wp\/v2\/posts\/75226","targetHints":{"allow":["GET"]}}],"collection":[{"href":"http:\/\/elurbanoweb.com.ar\/diario\/wp-json\/wp\/v2\/posts"}],"about":[{"href":"http:\/\/elurbanoweb.com.ar\/diario\/wp-json\/wp\/v2\/types\/post"}],"author":[{"embeddable":true,"href":"http:\/\/elurbanoweb.com.ar\/diario\/wp-json\/wp\/v2\/users\/1"}],"replies":[{"embeddable":true,"href":"http:\/\/elurbanoweb.com.ar\/diario\/wp-json\/wp\/v2\/comments?post=75226"}],"version-history":[{"count":1,"href":"http:\/\/elurbanoweb.com.ar\/diario\/wp-json\/wp\/v2\/posts\/75226\/revisions"}],"predecessor-version":[{"id":75228,"href":"http:\/\/elurbanoweb.com.ar\/diario\/wp-json\/wp\/v2\/posts\/75226\/revisions\/75228"}],"wp:featuredmedia":[{"embeddable":true,"href":"http:\/\/elurbanoweb.com.ar\/diario\/wp-json\/wp\/v2\/media\/75227"}],"wp:attachment":[{"href":"http:\/\/elurbanoweb.com.ar\/diario\/wp-json\/wp\/v2\/media?parent=75226"}],"wp:term":[{"taxonomy":"category","embeddable":true,"href":"http:\/\/elurbanoweb.com.ar\/diario\/wp-json\/wp\/v2\/categories?post=75226"},{"taxonomy":"post_tag","embeddable":true,"href":"http:\/\/elurbanoweb.com.ar\/diario\/wp-json\/wp\/v2\/tags?post=75226"}],"curies":[{"name":"wp","href":"https:\/\/api.w.org\/{rel}","templated":true}]}}