{"id":75229,"date":"2026-09-05T09:55:16","date_gmt":"2026-09-05T12:55:16","guid":{"rendered":"https:\/\/elurbanoweb.com.ar\/diario\/?p=75229"},"modified":"2026-09-05T09:55:16","modified_gmt":"2026-09-05T12:55:16","slug":"bolivia-doble-explosion-dentro-de-un-cuartel-militar-dejo-dos-muertos-y-mas-de-80-heridos","status":"publish","type":"post","link":"http:\/\/elurbanoweb.com.ar\/diario\/bolivia-doble-explosion-dentro-de-un-cuartel-militar-dejo-dos-muertos-y-mas-de-80-heridos\/","title":{"rendered":"Bolivia: doble explosi\u00f3n dentro de un cuartel militar dej\u00f3 dos muertos y m\u00e1s de 80 heridos"},"content":{"rendered":"<p>Una explosi\u00f3n registrada este viernes en un cuartel militar de Viacha, en el departamento de La Paz, dej\u00f3 dos muertos, siete desaparecidos y 81 heridos, mientras la Polic\u00eda de Bolivia investiga las causas de la detonaci\u00f3n. El incidente ocurri\u00f3 por la tarde en el Centro General de Mantenimiento del Regimiento de Artiller\u00eda Mecanizada 2 \u201cBol\u00edvar\u201d, ubicado a unos 35 kil\u00f3metros de la ciudad.<\/p>\n<p><img loading=\"lazy\" decoding=\"async\" class=\"alignnone wp-image-75230 size-full\" src=\"http:\/\/elurbanoweb.com.ar\/diario\/wp-content\/uploads\/2026\/09\/bolivia0.jpg\" alt=\"\" width=\"1010\" height=\"567\" srcset=\"http:\/\/elurbanoweb.com.ar\/diario\/wp-content\/uploads\/2026\/09\/bolivia0.jpg 1010w, http:\/\/elurbanoweb.com.ar\/diario\/wp-content\/uploads\/2026\/09\/bolivia0-300x168.jpg 300w, http:\/\/elurbanoweb.com.ar\/diario\/wp-content\/uploads\/2026\/09\/bolivia0-150x84.jpg 150w\" sizes=\"auto, (max-width: 1010px) 100vw, 1010px\" \/><\/p>\n<p><!--more--><\/p>\n<p>El subcomandante nacional de la Polic\u00eda, coronel Roger Roca, inform\u00f3 que el \u00e1rea se encuentra bajo control. \u201cHasta el momento, se tiene controlado el incidente. Lamentamos porque tenemos 7 personas desaparecidas al momento y f\u00edsicamente se ha podido comprobar que hay dos personas fallecidas\u201d, declar\u00f3 ante los medios.<\/p>\n<p>Roca se\u00f1al\u00f3 que las autoridades desarrollan pericias para establecer el origen de la explosi\u00f3n, aunque evit\u00f3 anticipar hip\u00f3tesis. \u201cSe realizan actividades de investigaci\u00f3n para poder determinar qu\u00e9 fue lo que sucedi\u00f3 en este lugar\u201d, indic\u00f3.<\/p>\n<p>La segunda explosi\u00f3n en el cuartel ubicado en la ciudad de Viacha, Bolivia.<\/p>\n<p>En un primer comunicado, el Ministerio de Defensa atribuy\u00f3 el episodio a una detonaci\u00f3n \u201caccidental\u201d de material pirot\u00e9cnico que estaba almacenado en el cuartel. La cartera inform\u00f3 da\u00f1os materiales \u201cde consideraci\u00f3n\u201d en las instalaciones. Por su parte, el ministro de Defensa, Ernesto Justiniano, afirm\u00f3 que se activaron de inmediato los protocolos de emergencia, evacuaci\u00f3n y atenci\u00f3n m\u00e9dica, a la vez que orden\u00f3 aislar el sector, mantener los recursos necesarios para atender a los heridos y asistir a familiares y vecinos afectados.<\/p>\n","protected":false},"excerpt":{"rendered":"<p>Una explosi\u00f3n registrada este viernes en un cuartel militar de Viacha, en el departamento de La Paz, dej\u00f3 dos muertos, siete desaparecidos y 81 heridos, mientras la Polic\u00eda de Bolivia&hellip; <\/p>\n","protected":false},"author":1,"featured_media":75230,"comment_status":"closed","ping_status":"closed","sticky":false,"template":"","format":"standard","meta":{"footnotes":""},"categories":[6],"tags":[],"class_list":["post-75229","post","type-post","status-publish","format-standard","has-post-thumbnail","hentry","category-mundo"],"_links":{"self":[{"href":"http:\/\/elurbanoweb.com.ar\/diario\/wp-json\/wp\/v2\/posts\/75229","targetHints":{"allow":["GET"]}}],"collection":[{"href":"http:\/\/elurbanoweb.com.ar\/diario\/wp-json\/wp\/v2\/posts"}],"about":[{"href":"http:\/\/elurbanoweb.com.ar\/diario\/wp-json\/wp\/v2\/types\/post"}],"author":[{"embeddable":true,"href":"http:\/\/elurbanoweb.com.ar\/diario\/wp-json\/wp\/v2\/users\/1"}],"replies":[{"embeddable":true,"href":"http:\/\/elurbanoweb.com.ar\/diario\/wp-json\/wp\/v2\/comments?post=75229"}],"version-history":[{"count":1,"href":"http:\/\/elurbanoweb.com.ar\/diario\/wp-json\/wp\/v2\/posts\/75229\/revisions"}],"predecessor-version":[{"id":75231,"href":"http:\/\/elurbanoweb.com.ar\/diario\/wp-json\/wp\/v2\/posts\/75229\/revisions\/75231"}],"wp:featuredmedia":[{"embeddable":true,"href":"http:\/\/elurbanoweb.com.ar\/diario\/wp-json\/wp\/v2\/media\/75230"}],"wp:attachment":[{"href":"http:\/\/elurbanoweb.com.ar\/diario\/wp-json\/wp\/v2\/media?parent=75229"}],"wp:term":[{"taxonomy":"category","embeddable":true,"href":"http:\/\/elurbanoweb.com.ar\/diario\/wp-json\/wp\/v2\/categories?post=75229"},{"taxonomy":"post_tag","embeddable":true,"href":"http:\/\/elurbanoweb.com.ar\/diario\/wp-json\/wp\/v2\/tags?post=75229"}],"curies":[{"name":"wp","href":"https:\/\/api.w.org\/{rel}","templated":true}]}}