{"id":75232,"date":"2026-09-05T09:57:30","date_gmt":"2026-09-05T12:57:30","guid":{"rendered":"https:\/\/elurbanoweb.com.ar\/diario\/?p=75232"},"modified":"2026-09-05T09:57:30","modified_gmt":"2026-09-05T12:57:30","slug":"el-municipio-bandeno-promueve-su-servicio-de-atencion-psicologica-gratuita","status":"publish","type":"post","link":"http:\/\/elurbanoweb.com.ar\/diario\/el-municipio-bandeno-promueve-su-servicio-de-atencion-psicologica-gratuita\/","title":{"rendered":"El municipio bande\u00f1o promueve su servicio de atenci\u00f3n psicol\u00f3gica gratuita"},"content":{"rendered":"<p>En el marco de \u201cSeptiembre Amarillo\u201d, reconocido como el mes de concientizaci\u00f3n y prevenci\u00f3n del suicidio, el \u00e1rea de Salud de la Municipalidad de La Banda dio a conocer los d\u00edas y horarios en los que se brinda el servicio de psicolog\u00eda de manera gratuita en los Centros de Atenci\u00f3n M\u00e9dica Municipal (CAMM) y las Salas de Primeros Auxilios.<\/p>\n<p><img loading=\"lazy\" decoding=\"async\" class=\"alignnone wp-image-75233 size-full\" src=\"http:\/\/elurbanoweb.com.ar\/diario\/wp-content\/uploads\/2026\/09\/atencion12.jpg\" alt=\"\" width=\"1010\" height=\"567\" srcset=\"http:\/\/elurbanoweb.com.ar\/diario\/wp-content\/uploads\/2026\/09\/atencion12.jpg 1010w, http:\/\/elurbanoweb.com.ar\/diario\/wp-content\/uploads\/2026\/09\/atencion12-300x168.jpg 300w, http:\/\/elurbanoweb.com.ar\/diario\/wp-content\/uploads\/2026\/09\/atencion12-150x84.jpg 150w\" sizes=\"auto, (max-width: 1010px) 100vw, 1010px\" \/><\/p>\n<p><!--more--><\/p>\n<p>En este sentido, se indic\u00f3 que en el CAMM N\u00b0 1 del barrio Tabla Redonda la licenciada en psicolog\u00eda, Anal\u00eda Gonz\u00e1lez, presta su servicio los viernes a partir de las 9; en el CAMM N\u00b0 6 del barrio El Rinc\u00f3n la licenciada en psicolog\u00eda, Mar\u00eda Catalfamo atiende los mi\u00e9rcoles y viernes a partir de las 13; en el CAMM N\u00b0 4 del barrio 25 de Mayo la Marylin Trejo atiende los jueves y viernes a partir de las 14;<\/p>\n<p>finalmente, en la Sala de Primeros Auxilios del barrio Villa Elena la licenciada Marilyn Trejo, se encuentra atendiendo de lunes a viernes a partir de las 14; en el Centro Integral Comunitario (CIC) San Carlos los lunes, martes y mi\u00e9rcoles a las 9 la licenciada Anal\u00eda Gonz\u00e1lez.<\/p>\n<p>Cabe destacar, que desde el \u00e1rea indicaron la importancia de que la comunidad bande\u00f1a pueda tener acceso gratuito a este importante servicio teniendo en cuenta que las enfermedades de salud mental constituyen una epidemia silenciosa que ha afectado a millones de personas en el mundo con depresi\u00f3n y ansiedad como dos de las principales causas de discapacidad.<\/p>\n<p>Por lo tanto es fundamental que los trastornos de salud mental sean tenidos en cuenta por la sociedad como afecciones que deben ser tratadas lo antes posible, pues un problema de salud mental no intervenido a tiempo puede disminuir significativamente la calidad de vida de quien lo padece y de su entorno.<\/p>\n","protected":false},"excerpt":{"rendered":"<p>En el marco de \u201cSeptiembre Amarillo\u201d, reconocido como el mes de concientizaci\u00f3n y prevenci\u00f3n del suicidio, el \u00e1rea de Salud de la Municipalidad de La Banda dio a conocer los&hellip; <\/p>\n","protected":false},"author":1,"featured_media":75233,"comment_status":"closed","ping_status":"closed","sticky":false,"template":"","format":"standard","meta":{"footnotes":""},"categories":[9],"tags":[],"class_list":["post-75232","post","type-post","status-publish","format-standard","has-post-thumbnail","hentry","category-la-banda"],"_links":{"self":[{"href":"http:\/\/elurbanoweb.com.ar\/diario\/wp-json\/wp\/v2\/posts\/75232","targetHints":{"allow":["GET"]}}],"collection":[{"href":"http:\/\/elurbanoweb.com.ar\/diario\/wp-json\/wp\/v2\/posts"}],"about":[{"href":"http:\/\/elurbanoweb.com.ar\/diario\/wp-json\/wp\/v2\/types\/post"}],"author":[{"embeddable":true,"href":"http:\/\/elurbanoweb.com.ar\/diario\/wp-json\/wp\/v2\/users\/1"}],"replies":[{"embeddable":true,"href":"http:\/\/elurbanoweb.com.ar\/diario\/wp-json\/wp\/v2\/comments?post=75232"}],"version-history":[{"count":1,"href":"http:\/\/elurbanoweb.com.ar\/diario\/wp-json\/wp\/v2\/posts\/75232\/revisions"}],"predecessor-version":[{"id":75234,"href":"http:\/\/elurbanoweb.com.ar\/diario\/wp-json\/wp\/v2\/posts\/75232\/revisions\/75234"}],"wp:featuredmedia":[{"embeddable":true,"href":"http:\/\/elurbanoweb.com.ar\/diario\/wp-json\/wp\/v2\/media\/75233"}],"wp:attachment":[{"href":"http:\/\/elurbanoweb.com.ar\/diario\/wp-json\/wp\/v2\/media?parent=75232"}],"wp:term":[{"taxonomy":"category","embeddable":true,"href":"http:\/\/elurbanoweb.com.ar\/diario\/wp-json\/wp\/v2\/categories?post=75232"},{"taxonomy":"post_tag","embeddable":true,"href":"http:\/\/elurbanoweb.com.ar\/diario\/wp-json\/wp\/v2\/tags?post=75232"}],"curies":[{"name":"wp","href":"https:\/\/api.w.org\/{rel}","templated":true}]}}