{"id":75235,"date":"2026-09-05T09:59:07","date_gmt":"2026-09-05T12:59:07","guid":{"rendered":"https:\/\/elurbanoweb.com.ar\/diario\/?p=75235"},"modified":"2026-09-05T09:59:07","modified_gmt":"2026-09-05T12:59:07","slug":"el-cic-san-carlos-dio-a-conocer-sus-horarios-de-atencion-para-las-distintas-especialidades","status":"publish","type":"post","link":"http:\/\/elurbanoweb.com.ar\/diario\/el-cic-san-carlos-dio-a-conocer-sus-horarios-de-atencion-para-las-distintas-especialidades\/","title":{"rendered":"El CIC San Carlos di\u00f3 a conocer sus horarios de atenci\u00f3n para las distintas especialidades"},"content":{"rendered":"<p>El Centro Integrador Comunitario (CIC) del barrio San Carlos de la ciudad de La Banda inform\u00f3 los d\u00edas y horarios de atenci\u00f3n de las diferentes especialidades y servicios que funcionan en el establecimiento, con el objetivo de facilitar el acceso de los vecinos a la atenci\u00f3n sanitaria.<\/p>\n<p><img loading=\"lazy\" decoding=\"async\" class=\"alignnone wp-image-75236 size-full\" src=\"http:\/\/elurbanoweb.com.ar\/diario\/wp-content\/uploads\/2026\/09\/bien6.jpg\" alt=\"\" width=\"1010\" height=\"567\" srcset=\"http:\/\/elurbanoweb.com.ar\/diario\/wp-content\/uploads\/2026\/09\/bien6.jpg 1010w, http:\/\/elurbanoweb.com.ar\/diario\/wp-content\/uploads\/2026\/09\/bien6-300x168.jpg 300w, http:\/\/elurbanoweb.com.ar\/diario\/wp-content\/uploads\/2026\/09\/bien6-150x84.jpg 150w\" sizes=\"auto, (max-width: 1010px) 100vw, 1010px\" \/><\/p>\n<p><!--more--><\/p>\n<p>De acuerdo con la informaci\u00f3n difundida, el cronograma contempla las siguientes prestaciones:<\/p>\n<p>Obstetricia, Dra D\u00e9bora Lescano, lunes, mi\u00e9rcoles y viernes, desde las 09 Dra. Noelia \u00c1vila, martes y jueves, desde las 09 Lic. Mariano Dom\u00ednguez, lunes, a las 14.<\/p>\n<p>M\u00e9dico cl\u00ednico, Dra. Nadia Nediani, lunes, a las 08:30hs. M\u00e9dico de Familia, Dr. Mart\u00edn Coronel, lunes, a las 08:30hs. Psicolog\u00eda, Lic. Anal\u00eda Gonz\u00e1lez, jueves y viernes, a las 09. Oftalmolog\u00eda, Dra. Agustina Terzano, viernesva las 10. Odontolog\u00eda, Dr. Mart\u00edn Garc\u00eda, lunes, a las 07:30hs y Dra. Fernanda Daud, lunes, a las 10.<\/p>\n<p>Adem\u00e1s de las especialidades m\u00e9dicas, el CIC San Carlos cuenta con servicios de Educaci\u00f3n para la Salud, Enfermer\u00eda, Vacunatorio y Testeos, en los siguientes d\u00edas y horarios.<\/p>\n<p>Educaci\u00f3n Para la Salud, a cargo de la EPS Melanea P\u00e9rez, lunes a viernes, de 08:00 a 12:00. Enfermer\u00eda, lunes a viernes, de 07:00 a 19:00. Vacunatorio, lunes a viernes, de 7 a 19. Testeos, lunes a viernes, de 08:00 a 18:00.<\/p>\n<p>De esta manera, el CIC San Carlos dependiente de la Direcci\u00f3n General de Salud de la municipalidad de La Banda, mantiene una amplia oferta de atenci\u00f3n sanitaria y servicios preventivos destinados a los vecinos de la zona, con prestaciones distribuidas durante toda la semana.<\/p>\n","protected":false},"excerpt":{"rendered":"<p>El Centro Integrador Comunitario (CIC) del barrio San Carlos de la ciudad de La Banda inform\u00f3 los d\u00edas y horarios de atenci\u00f3n de las diferentes especialidades y servicios que funcionan&hellip; <\/p>\n","protected":false},"author":1,"featured_media":75236,"comment_status":"closed","ping_status":"closed","sticky":false,"template":"","format":"standard","meta":{"footnotes":""},"categories":[9],"tags":[],"class_list":["post-75235","post","type-post","status-publish","format-standard","has-post-thumbnail","hentry","category-la-banda"],"_links":{"self":[{"href":"http:\/\/elurbanoweb.com.ar\/diario\/wp-json\/wp\/v2\/posts\/75235","targetHints":{"allow":["GET"]}}],"collection":[{"href":"http:\/\/elurbanoweb.com.ar\/diario\/wp-json\/wp\/v2\/posts"}],"about":[{"href":"http:\/\/elurbanoweb.com.ar\/diario\/wp-json\/wp\/v2\/types\/post"}],"author":[{"embeddable":true,"href":"http:\/\/elurbanoweb.com.ar\/diario\/wp-json\/wp\/v2\/users\/1"}],"replies":[{"embeddable":true,"href":"http:\/\/elurbanoweb.com.ar\/diario\/wp-json\/wp\/v2\/comments?post=75235"}],"version-history":[{"count":1,"href":"http:\/\/elurbanoweb.com.ar\/diario\/wp-json\/wp\/v2\/posts\/75235\/revisions"}],"predecessor-version":[{"id":75237,"href":"http:\/\/elurbanoweb.com.ar\/diario\/wp-json\/wp\/v2\/posts\/75235\/revisions\/75237"}],"wp:featuredmedia":[{"embeddable":true,"href":"http:\/\/elurbanoweb.com.ar\/diario\/wp-json\/wp\/v2\/media\/75236"}],"wp:attachment":[{"href":"http:\/\/elurbanoweb.com.ar\/diario\/wp-json\/wp\/v2\/media?parent=75235"}],"wp:term":[{"taxonomy":"category","embeddable":true,"href":"http:\/\/elurbanoweb.com.ar\/diario\/wp-json\/wp\/v2\/categories?post=75235"},{"taxonomy":"post_tag","embeddable":true,"href":"http:\/\/elurbanoweb.com.ar\/diario\/wp-json\/wp\/v2\/tags?post=75235"}],"curies":[{"name":"wp","href":"https:\/\/api.w.org\/{rel}","templated":true}]}}