{"id":75241,"date":"2026-09-05T10:03:41","date_gmt":"2026-09-05T13:03:41","guid":{"rendered":"https:\/\/elurbanoweb.com.ar\/diario\/?p=75241"},"modified":"2026-09-05T10:03:41","modified_gmt":"2026-09-05T13:03:41","slug":"de-la-unse-al-garrahan-mi-deseo-es-aprender-lo-mejor-para-despues-llevarmelo-a-santiago","status":"publish","type":"post","link":"http:\/\/elurbanoweb.com.ar\/diario\/de-la-unse-al-garrahan-mi-deseo-es-aprender-lo-mejor-para-despues-llevarmelo-a-santiago\/","title":{"rendered":"De la UNSE al Garrahan: \u201cMi deseo es aprender lo mejor para despu\u00e9s llev\u00e1rmelo a Santiago\u201d"},"content":{"rendered":"<p>Inti Cam Esperguin G\u00f3mez, uno de los primeros egresados de la carrera de Medicina de la Universidad Nacional de Santiago del Estero (UNSE), inici\u00f3 su residencia en el Hospital Garrahan tras ubicarse entre los diez mejores aspirantes del pa\u00eds.<\/p>\n<p><img loading=\"lazy\" decoding=\"async\" class=\"alignnone wp-image-75242 size-full\" src=\"http:\/\/elurbanoweb.com.ar\/diario\/wp-content\/uploads\/2026\/09\/inti.jpeg\" alt=\"\" width=\"768\" height=\"1024\" srcset=\"http:\/\/elurbanoweb.com.ar\/diario\/wp-content\/uploads\/2026\/09\/inti.jpeg 768w, http:\/\/elurbanoweb.com.ar\/diario\/wp-content\/uploads\/2026\/09\/inti-225x300.jpeg 225w, http:\/\/elurbanoweb.com.ar\/diario\/wp-content\/uploads\/2026\/09\/inti-113x150.jpeg 113w\" sizes=\"auto, (max-width: 768px) 100vw, 768px\" \/><\/p>\n<p><!--more--><\/p>\n<p>Desde uno de los centros pedi\u00e1tricos m\u00e1s prestigiosos de Am\u00e9rica Latina, proyecta una meta clara: incorporar conocimientos y experiencias para contribuir al fortalecimiento del sistema de salud santiague\u00f1o.<\/p>\n<p>\u201cMi deseo desde un primer momento est\u00e1 puesto en tratar de aprender lo mejor para despu\u00e9s llev\u00e1rmelo a Santiago\u201d, expres\u00f3 Inti Cam Esperguin G\u00f3mez al referirse a esta nueva etapa profesional que comenz\u00f3 a transitar en el Hospital de Pediatr\u00eda \u201cProf. Dr. Juan P. Garrahan\u201d de la Ciudad Aut\u00f3noma de Buenos Aires.<\/p>\n<p>El joven m\u00e9dico santiague\u00f1o, egresado de la Facultad de Ciencias M\u00e9dicas de la UNSE en mayo de 2025, accedi\u00f3 a la residencia de Pediatr\u00eda luego de rendir el Examen \u00danico para el ingreso a residencias m\u00e9dicas y ubicarse entre los diez mejores postulantes del pa\u00eds en el orden de m\u00e9rito. El resultado le permiti\u00f3 cumplir uno de los objetivos que se hab\u00eda propuesto desde su graduaci\u00f3n: formarse en una instituci\u00f3n de referencia nacional e internacional en salud infantil.<\/p>\n<p>\u201cEra mi intenci\u00f3n ingresar al Garrahan. Me prepar\u00e9 durante todo el a\u00f1o para rendir este examen porque es uno de los principales hospitales de pediatr\u00eda no solo de Argentina, sino tambi\u00e9n de Latinoam\u00e9rica\u201d, se\u00f1al\u00f3 durante una entrevista en Radio Universidad.<\/p>\n<p>Pero m\u00e1s all\u00e1 del logro personal, Inti destac\u00f3 el papel que tuvo la formaci\u00f3n recibida en la universidad p\u00fablica. En ese sentido, remarc\u00f3 que su experiencia demuestra que los egresados de la UNSE pueden competir en igualdad de condiciones con profesionales formados en algunas de las facultades de Medicina m\u00e1s reconocidas del pa\u00eds.<\/p>\n<p>\u201cEs destacable que la UNSE ha demostrado que puede tener m\u00e9dicos al mismo nivel que universidades que llevan tantos a\u00f1os formando profesionales\u201d, afirm\u00f3, al tiempo que valor\u00f3 las oportunidades de aprendizaje y acompa\u00f1amiento que encontr\u00f3 durante su trayectoria acad\u00e9mica.<\/p>\n<p>La historia del joven egresado tambi\u00e9n refleja el crecimiento de la Facultad de Ciencias M\u00e9dicas de la UNSE, una unidad acad\u00e9mica joven que, a menos de una d\u00e9cada de la apertura de la carrera de Medicina, comienza a ver c\u00f3mo sus primeros graduados acceden a espacios de formaci\u00f3n altamente competitivos y de referencia nacional.<\/p>\n<p>Actualmente, Inti forma parte del equipo de la sala de trasplante hep\u00e1tico del Hospital Garrahan, donde inici\u00f3 las primeras rotaciones de una residencia que se extender\u00e1 durante cuatro a\u00f1os. All\u00ed continuar\u00e1 perfeccion\u00e1ndose en una especialidad que eligi\u00f3 por vocaci\u00f3n, con la convicci\u00f3n de que el conocimiento adquirido tendr\u00e1 un impacto que trascienda su desarrollo profesional.<\/p>\n<p>\u201cCreo que hay que distribuir de manera realmente federal la accesibilidad a la salud y a la tecnolog\u00eda en salud\u201d, sostuvo.<\/p>\n<p>Con esa mirada, el recorrido de este joven m\u00e9dico santiague\u00f1o trasciende el reconocimiento individual y se convierte en una muestra del aporte que la universidad p\u00fablica realiza al desarrollo regional, formando profesionales capaces de alcanzar los m\u00e1s altos niveles de excelencia y, al mismo tiempo, comprometidos con devolver ese conocimiento a sus comunidades.<\/p>\n","protected":false},"excerpt":{"rendered":"<p>Inti Cam Esperguin G\u00f3mez, uno de los primeros egresados de la carrera de Medicina de la Universidad Nacional de Santiago del Estero (UNSE), inici\u00f3 su residencia en el Hospital Garrahan&hellip; <\/p>\n","protected":false},"author":1,"featured_media":75242,"comment_status":"closed","ping_status":"closed","sticky":false,"template":"","format":"standard","meta":{"footnotes":""},"categories":[15],"tags":[],"class_list":["post-75241","post","type-post","status-publish","format-standard","has-post-thumbnail","hentry","category-unse"],"_links":{"self":[{"href":"http:\/\/elurbanoweb.com.ar\/diario\/wp-json\/wp\/v2\/posts\/75241","targetHints":{"allow":["GET"]}}],"collection":[{"href":"http:\/\/elurbanoweb.com.ar\/diario\/wp-json\/wp\/v2\/posts"}],"about":[{"href":"http:\/\/elurbanoweb.com.ar\/diario\/wp-json\/wp\/v2\/types\/post"}],"author":[{"embeddable":true,"href":"http:\/\/elurbanoweb.com.ar\/diario\/wp-json\/wp\/v2\/users\/1"}],"replies":[{"embeddable":true,"href":"http:\/\/elurbanoweb.com.ar\/diario\/wp-json\/wp\/v2\/comments?post=75241"}],"version-history":[{"count":1,"href":"http:\/\/elurbanoweb.com.ar\/diario\/wp-json\/wp\/v2\/posts\/75241\/revisions"}],"predecessor-version":[{"id":75243,"href":"http:\/\/elurbanoweb.com.ar\/diario\/wp-json\/wp\/v2\/posts\/75241\/revisions\/75243"}],"wp:featuredmedia":[{"embeddable":true,"href":"http:\/\/elurbanoweb.com.ar\/diario\/wp-json\/wp\/v2\/media\/75242"}],"wp:attachment":[{"href":"http:\/\/elurbanoweb.com.ar\/diario\/wp-json\/wp\/v2\/media?parent=75241"}],"wp:term":[{"taxonomy":"category","embeddable":true,"href":"http:\/\/elurbanoweb.com.ar\/diario\/wp-json\/wp\/v2\/categories?post=75241"},{"taxonomy":"post_tag","embeddable":true,"href":"http:\/\/elurbanoweb.com.ar\/diario\/wp-json\/wp\/v2\/tags?post=75241"}],"curies":[{"name":"wp","href":"https:\/\/api.w.org\/{rel}","templated":true}]}}