{"id":75244,"date":"2026-09-05T10:05:23","date_gmt":"2026-09-05T13:05:23","guid":{"rendered":"https:\/\/elurbanoweb.com.ar\/diario\/?p=75244"},"modified":"2026-09-05T10:05:23","modified_gmt":"2026-09-05T13:05:23","slug":"la-unse-participo-del-96-plenario-de-rectoras-y-rectores-del-consejo-interuniversitario-nacional-cin","status":"publish","type":"post","link":"http:\/\/elurbanoweb.com.ar\/diario\/la-unse-participo-del-96-plenario-de-rectoras-y-rectores-del-consejo-interuniversitario-nacional-cin\/","title":{"rendered":"La UNSE particip\u00f3 del 96\u00b0 Plenario de Rectoras y Rectores del Consejo Interuniversitario Nacional (CIN)"},"content":{"rendered":"<p>Realizado en la ciudad de San Carlos de Bariloche, R\u00edo Negro, con la representaci\u00f3n del rector, Marcelino Ledesma.<\/p>\n<p><img loading=\"lazy\" decoding=\"async\" class=\"alignnone wp-image-75245 size-large\" src=\"http:\/\/elurbanoweb.com.ar\/diario\/wp-content\/uploads\/2026\/09\/rectores1-1024x683.jpg\" alt=\"\" width=\"1024\" height=\"683\" srcset=\"http:\/\/elurbanoweb.com.ar\/diario\/wp-content\/uploads\/2026\/09\/rectores1-1024x683.jpg 1024w, http:\/\/elurbanoweb.com.ar\/diario\/wp-content\/uploads\/2026\/09\/rectores1-300x200.jpg 300w, http:\/\/elurbanoweb.com.ar\/diario\/wp-content\/uploads\/2026\/09\/rectores1-150x100.jpg 150w, http:\/\/elurbanoweb.com.ar\/diario\/wp-content\/uploads\/2026\/09\/rectores1-1536x1024.jpg 1536w, http:\/\/elurbanoweb.com.ar\/diario\/wp-content\/uploads\/2026\/09\/rectores1.jpg 2048w\" sizes=\"auto, (max-width: 1024px) 100vw, 1024px\" \/><\/p>\n<p><!--more-->Durante el encuentro, las autoridades de las universidades p\u00fablicas argentinas aprobaron el proyecto de Presupuesto Universitario 2027, que contempla una solicitud de 11 billones de pesos para garantizar el funcionamiento y el desarrollo del sistema universitario nacional.<\/p>\n<p>Adem\u00e1s, se analizaron los avances vinculados a la Ley de Financiamiento Universitario, la situaci\u00f3n presupuestaria de las instituciones, los informes de las comisiones permanentes del CIN y las acciones necesarias para fortalecer la educaci\u00f3n superior p\u00fablica en todo el pa\u00eds.<\/p>\n<p>Finalmente, representantes del Frente Sindical de Universidades Nacionales y de la Federaci\u00f3n Universitaria Argentina tomaron la palabra en un tramo del evento y pudieron expresar el reclamo de las y los docentes, nodocentes y estudiantes por la falta de implementaci\u00f3n de la ley vigente. Posteriormente, se ofrecieron los informes del semestre de las comisiones permanentes del CIN.<\/p>\n","protected":false},"excerpt":{"rendered":"<p>Realizado en la ciudad de San Carlos de Bariloche, R\u00edo Negro, con la representaci\u00f3n del rector, Marcelino Ledesma.<\/p>\n","protected":false},"author":1,"featured_media":75245,"comment_status":"closed","ping_status":"closed","sticky":false,"template":"","format":"standard","meta":{"footnotes":""},"categories":[15],"tags":[],"class_list":["post-75244","post","type-post","status-publish","format-standard","has-post-thumbnail","hentry","category-unse"],"_links":{"self":[{"href":"http:\/\/elurbanoweb.com.ar\/diario\/wp-json\/wp\/v2\/posts\/75244","targetHints":{"allow":["GET"]}}],"collection":[{"href":"http:\/\/elurbanoweb.com.ar\/diario\/wp-json\/wp\/v2\/posts"}],"about":[{"href":"http:\/\/elurbanoweb.com.ar\/diario\/wp-json\/wp\/v2\/types\/post"}],"author":[{"embeddable":true,"href":"http:\/\/elurbanoweb.com.ar\/diario\/wp-json\/wp\/v2\/users\/1"}],"replies":[{"embeddable":true,"href":"http:\/\/elurbanoweb.com.ar\/diario\/wp-json\/wp\/v2\/comments?post=75244"}],"version-history":[{"count":1,"href":"http:\/\/elurbanoweb.com.ar\/diario\/wp-json\/wp\/v2\/posts\/75244\/revisions"}],"predecessor-version":[{"id":75246,"href":"http:\/\/elurbanoweb.com.ar\/diario\/wp-json\/wp\/v2\/posts\/75244\/revisions\/75246"}],"wp:featuredmedia":[{"embeddable":true,"href":"http:\/\/elurbanoweb.com.ar\/diario\/wp-json\/wp\/v2\/media\/75245"}],"wp:attachment":[{"href":"http:\/\/elurbanoweb.com.ar\/diario\/wp-json\/wp\/v2\/media?parent=75244"}],"wp:term":[{"taxonomy":"category","embeddable":true,"href":"http:\/\/elurbanoweb.com.ar\/diario\/wp-json\/wp\/v2\/categories?post=75244"},{"taxonomy":"post_tag","embeddable":true,"href":"http:\/\/elurbanoweb.com.ar\/diario\/wp-json\/wp\/v2\/tags?post=75244"}],"curies":[{"name":"wp","href":"https:\/\/api.w.org\/{rel}","templated":true}]}}