{"id":75250,"date":"2026-09-05T10:11:16","date_gmt":"2026-09-05T13:11:16","guid":{"rendered":"https:\/\/elurbanoweb.com.ar\/diario\/?p=75250"},"modified":"2026-09-05T10:11:16","modified_gmt":"2026-09-05T13:11:16","slug":"la-intendente-fuentes-recibio-a-una-comision-de-estudiantes-de-la-carrera-de-agrimensura-de-la-unse","status":"publish","type":"post","link":"http:\/\/elurbanoweb.com.ar\/diario\/la-intendente-fuentes-recibio-a-una-comision-de-estudiantes-de-la-carrera-de-agrimensura-de-la-unse\/","title":{"rendered":"La intendente Fuentes recibi\u00f3 a una comisi\u00f3n de estudiantes de la carrera de Agrimensura de la UNSE"},"content":{"rendered":"<p>La intendente de la Capital, Ing. Norma Fuentes, recibi\u00f3 a una delegaci\u00f3n de estudiantes de la carrera de Agrimensura de la UNSE, quienes organizar\u00e1n un encuentro nacional que se realizar\u00e1 en el mes de octubre.<\/p>\n<p><img loading=\"lazy\" decoding=\"async\" class=\"alignnone wp-image-75251 size-large\" src=\"http:\/\/elurbanoweb.com.ar\/diario\/wp-content\/uploads\/2026\/09\/agrimensura2-1024x683.jpg\" alt=\"\" width=\"1024\" height=\"683\" srcset=\"http:\/\/elurbanoweb.com.ar\/diario\/wp-content\/uploads\/2026\/09\/agrimensura2-1024x683.jpg 1024w, http:\/\/elurbanoweb.com.ar\/diario\/wp-content\/uploads\/2026\/09\/agrimensura2-300x200.jpg 300w, http:\/\/elurbanoweb.com.ar\/diario\/wp-content\/uploads\/2026\/09\/agrimensura2-150x100.jpg 150w, http:\/\/elurbanoweb.com.ar\/diario\/wp-content\/uploads\/2026\/09\/agrimensura2-1536x1025.jpg 1536w, http:\/\/elurbanoweb.com.ar\/diario\/wp-content\/uploads\/2026\/09\/agrimensura2.jpg 2048w\" sizes=\"auto, (max-width: 1024px) 100vw, 1024px\" \/><\/p>\n<p><!--more--> Estuvieron acompa\u00f1ados por el decano de la Facultad de Ciencias Exactas y Tecnol\u00f3gicas, Jose Luis Gulotta, y por el docente, Ricardo Araujo. En la reuni\u00f3n tambi\u00e9n participaron la secretaria de Planeamiento, Obras y Servicios P\u00fablicos, Rosa Allalla, y los subsecretarios de Coordinaci\u00f3n, Daniel Kobylanski y de Econom\u00eda, Francisco Zamora.<\/p>\n<p>Las autoridades y los estudiantes dialogaron sobre el encuentro que recibir\u00e1 a m\u00e1s de 500 estudiantes de todo el pa\u00eds entre el 8 y el 11 de octubre en el Forum.<\/p>\n<p>La reuni\u00f3n forma parte de la pol\u00edtica de di\u00e1logo y trabajo articulado que el municipio mantiene con distintos representantes de la sociedad.<\/p>\n","protected":false},"excerpt":{"rendered":"<p>La intendente de la Capital, Ing. Norma Fuentes, recibi\u00f3 a una delegaci\u00f3n de estudiantes de la carrera de Agrimensura de la UNSE, quienes organizar\u00e1n un encuentro nacional que se realizar\u00e1&hellip; <\/p>\n","protected":false},"author":1,"featured_media":75251,"comment_status":"closed","ping_status":"closed","sticky":false,"template":"","format":"standard","meta":{"footnotes":""},"categories":[3],"tags":[],"class_list":["post-75250","post","type-post","status-publish","format-standard","has-post-thumbnail","hentry","category-municipio"],"_links":{"self":[{"href":"http:\/\/elurbanoweb.com.ar\/diario\/wp-json\/wp\/v2\/posts\/75250","targetHints":{"allow":["GET"]}}],"collection":[{"href":"http:\/\/elurbanoweb.com.ar\/diario\/wp-json\/wp\/v2\/posts"}],"about":[{"href":"http:\/\/elurbanoweb.com.ar\/diario\/wp-json\/wp\/v2\/types\/post"}],"author":[{"embeddable":true,"href":"http:\/\/elurbanoweb.com.ar\/diario\/wp-json\/wp\/v2\/users\/1"}],"replies":[{"embeddable":true,"href":"http:\/\/elurbanoweb.com.ar\/diario\/wp-json\/wp\/v2\/comments?post=75250"}],"version-history":[{"count":1,"href":"http:\/\/elurbanoweb.com.ar\/diario\/wp-json\/wp\/v2\/posts\/75250\/revisions"}],"predecessor-version":[{"id":75252,"href":"http:\/\/elurbanoweb.com.ar\/diario\/wp-json\/wp\/v2\/posts\/75250\/revisions\/75252"}],"wp:featuredmedia":[{"embeddable":true,"href":"http:\/\/elurbanoweb.com.ar\/diario\/wp-json\/wp\/v2\/media\/75251"}],"wp:attachment":[{"href":"http:\/\/elurbanoweb.com.ar\/diario\/wp-json\/wp\/v2\/media?parent=75250"}],"wp:term":[{"taxonomy":"category","embeddable":true,"href":"http:\/\/elurbanoweb.com.ar\/diario\/wp-json\/wp\/v2\/categories?post=75250"},{"taxonomy":"post_tag","embeddable":true,"href":"http:\/\/elurbanoweb.com.ar\/diario\/wp-json\/wp\/v2\/tags?post=75250"}],"curies":[{"name":"wp","href":"https:\/\/api.w.org\/{rel}","templated":true}]}}