{"id":75253,"date":"2026-09-05T10:12:08","date_gmt":"2026-09-05T13:12:08","guid":{"rendered":"https:\/\/elurbanoweb.com.ar\/diario\/?p=75253"},"modified":"2026-09-05T10:12:08","modified_gmt":"2026-09-05T13:12:08","slug":"elias-suarez-fue-invitado-a-participar-de-la-semana-social-2026-en-cordoba","status":"publish","type":"post","link":"http:\/\/elurbanoweb.com.ar\/diario\/elias-suarez-fue-invitado-a-participar-de-la-semana-social-2026-en-cordoba\/","title":{"rendered":"El\u00edas Su\u00e1rez fue invitado a participar de la Semana Social 2026 en C\u00f3rdoba"},"content":{"rendered":"<p>El gobernador de Santiago del Estero, El\u00edas Su\u00e1rez, participar\u00e1 este s\u00e1bado 5 de septiembre de la Semana Social 2026, que se desarrolla en la ciudad de C\u00f3rdoba, invitado especialmente por la Comisi\u00f3n Episcopal de Pastoral Social de la Conferencia Episcopal Argentina.<\/p>\n<p><img loading=\"lazy\" decoding=\"async\" class=\"alignnone wp-image-75254 size-large\" src=\"http:\/\/elurbanoweb.com.ar\/diario\/wp-content\/uploads\/2026\/09\/elias6-1024x576.jpg\" alt=\"\" width=\"1024\" height=\"576\" srcset=\"http:\/\/elurbanoweb.com.ar\/diario\/wp-content\/uploads\/2026\/09\/elias6-1024x576.jpg 1024w, http:\/\/elurbanoweb.com.ar\/diario\/wp-content\/uploads\/2026\/09\/elias6-300x169.jpg 300w, http:\/\/elurbanoweb.com.ar\/diario\/wp-content\/uploads\/2026\/09\/elias6-150x84.jpg 150w, http:\/\/elurbanoweb.com.ar\/diario\/wp-content\/uploads\/2026\/09\/elias6-1536x864.jpg 1536w, http:\/\/elurbanoweb.com.ar\/diario\/wp-content\/uploads\/2026\/09\/elias6.jpg 1920w\" sizes=\"auto, (max-width: 1024px) 100vw, 1024px\" \/><\/p>\n<p><!--more--><\/p>\n<p>La actividad es organizada por la Comisi\u00f3n Episcopal de Pastoral Social de la Conferencia Episcopal Argentina y el Arzobispado de C\u00f3rdoba, y se desarrolla bajo el lema \u201cPuentes hacia el Bien Com\u00fan\u201d, con el objetivo de generar un espacio de encuentro, di\u00e1logo y reflexi\u00f3n sobre los principales desaf\u00edos sociales del pa\u00eds.<\/p>\n<p>En este marco, El\u00edas Su\u00e1rez integrar\u00e1, a partir de las 9.30, el panel conversatorio \u201cBien Com\u00fan y compromiso social: una llamada de Magn\u00edfica Humanitas\u201d, que permitir\u00e1 reflexionar sobre la Enc\u00edclica publicada en Mayo por el Papa Leon XIV.<\/p>\n<p>El gobernador santiague\u00f1o compartir\u00e1 este espacio de reflexi\u00f3n con monse\u00f1or Marcelo Colombo, presidente de la Conferencia Episcopal Argentina, y el gobernador de Chubut, Ignacio Torres.<\/p>\n<p>La invitaci\u00f3n al mandatario santiague\u00f1o fue realizada por monse\u00f1or Dante Braida, presidente de la Comisi\u00f3n Episcopal de Pastoral Social de la Conferencia Episcopal Argentina, quien expres\u00f3 el inter\u00e9s de contar con su presencia en este \u00e1mbito de di\u00e1logo y construcci\u00f3n del bien com\u00fan.<\/p>\n<p>La jornada del s\u00e1bado comenzar\u00e1 a las 8.30 con la recepci\u00f3n y apertura, mientras que a las 9 se desarrollar\u00e1n los discursos de bienvenida a cargo de monse\u00f1or Dante Braida, el gobernador de C\u00f3rdoba, Mart\u00edn Llaryora, y el arzobispo de C\u00f3rdoba, monse\u00f1or \u00c1ngel Rossi.<\/p>\n<p>La Semana Social 2026 re\u00fane a referentes de distintos \u00e1mbitos de la vida pol\u00edtica, social, empresarial, sindical, acad\u00e9mica y religiosa, en una convocatoria que busca promover el di\u00e1logo y la construcci\u00f3n de consensos en torno al bien com\u00fan.<\/p>\n","protected":false},"excerpt":{"rendered":"<p>El gobernador de Santiago del Estero, El\u00edas Su\u00e1rez, participar\u00e1 este s\u00e1bado 5 de septiembre de la Semana Social 2026, que se desarrolla en la ciudad de C\u00f3rdoba, invitado especialmente por&hellip; <\/p>\n","protected":false},"author":1,"featured_media":75254,"comment_status":"closed","ping_status":"closed","sticky":false,"template":"","format":"standard","meta":{"footnotes":""},"categories":[2],"tags":[],"class_list":["post-75253","post","type-post","status-publish","format-standard","has-post-thumbnail","hentry","category-gobierno"],"_links":{"self":[{"href":"http:\/\/elurbanoweb.com.ar\/diario\/wp-json\/wp\/v2\/posts\/75253","targetHints":{"allow":["GET"]}}],"collection":[{"href":"http:\/\/elurbanoweb.com.ar\/diario\/wp-json\/wp\/v2\/posts"}],"about":[{"href":"http:\/\/elurbanoweb.com.ar\/diario\/wp-json\/wp\/v2\/types\/post"}],"author":[{"embeddable":true,"href":"http:\/\/elurbanoweb.com.ar\/diario\/wp-json\/wp\/v2\/users\/1"}],"replies":[{"embeddable":true,"href":"http:\/\/elurbanoweb.com.ar\/diario\/wp-json\/wp\/v2\/comments?post=75253"}],"version-history":[{"count":1,"href":"http:\/\/elurbanoweb.com.ar\/diario\/wp-json\/wp\/v2\/posts\/75253\/revisions"}],"predecessor-version":[{"id":75255,"href":"http:\/\/elurbanoweb.com.ar\/diario\/wp-json\/wp\/v2\/posts\/75253\/revisions\/75255"}],"wp:featuredmedia":[{"embeddable":true,"href":"http:\/\/elurbanoweb.com.ar\/diario\/wp-json\/wp\/v2\/media\/75254"}],"wp:attachment":[{"href":"http:\/\/elurbanoweb.com.ar\/diario\/wp-json\/wp\/v2\/media?parent=75253"}],"wp:term":[{"taxonomy":"category","embeddable":true,"href":"http:\/\/elurbanoweb.com.ar\/diario\/wp-json\/wp\/v2\/categories?post=75253"},{"taxonomy":"post_tag","embeddable":true,"href":"http:\/\/elurbanoweb.com.ar\/diario\/wp-json\/wp\/v2\/tags?post=75253"}],"curies":[{"name":"wp","href":"https:\/\/api.w.org\/{rel}","templated":true}]}}