{"id":75256,"date":"2026-09-05T19:18:29","date_gmt":"2026-09-05T22:18:29","guid":{"rendered":"https:\/\/elurbanoweb.com.ar\/diario\/?p=75256"},"modified":"2026-09-05T19:18:29","modified_gmt":"2026-09-05T22:18:29","slug":"adunse-firma-de-convenio-institucional-con-colegio-de-sociologos","status":"publish","type":"post","link":"http:\/\/elurbanoweb.com.ar\/diario\/adunse-firma-de-convenio-institucional-con-colegio-de-sociologos\/","title":{"rendered":"ADUNSE firma de Convenio Institucional con Colegio de Soci\u00f3logos"},"content":{"rendered":"<p>En la Sede de Nuestro Gremio ADUNSE el d\u00eda martes 01 de Septiembre, se realiz\u00f3 la firma de \u00abConvenio de Cooperaci\u00f3n entre el gremio docente de Adunse Santiago y el Colegio de Soci\u00f3logos\u00bb.<\/p>\n<p><img loading=\"lazy\" decoding=\"async\" class=\"alignnone wp-image-75257 size-large\" src=\"http:\/\/elurbanoweb.com.ar\/diario\/wp-content\/uploads\/2026\/09\/sociologos-1024x667.jpg\" alt=\"\" width=\"1024\" height=\"667\" srcset=\"http:\/\/elurbanoweb.com.ar\/diario\/wp-content\/uploads\/2026\/09\/sociologos-1024x667.jpg 1024w, http:\/\/elurbanoweb.com.ar\/diario\/wp-content\/uploads\/2026\/09\/sociologos-300x196.jpg 300w, http:\/\/elurbanoweb.com.ar\/diario\/wp-content\/uploads\/2026\/09\/sociologos-150x98.jpg 150w, http:\/\/elurbanoweb.com.ar\/diario\/wp-content\/uploads\/2026\/09\/sociologos.jpg 1169w\" sizes=\"auto, (max-width: 1024px) 100vw, 1024px\" \/><\/p>\n<p><!--more--> En representaci\u00f3n de ADUNSE estuvieron presentes el Secretario General Dr. Santiago Com\u00e1n y los Congresales Nacionales ante Conadu: Mg. Marcela Terribile y el Dr. Francisco Rodr\u00edguez y por el Colegio de Soci\u00f3logos la Presidente Lic. Graciela Del Valle Kraft, la Secretaria Lic. Nadia Trejo y la 1\u00b0Vocal Tit. Lic. Rosa Isabel Pesce.<\/p>\n<p>Entre los objetivos del presente Convenio se destacan el trabajo en Conjunto en \u00e1reas de incumbencia profesional y acad\u00e9mica para ambas instituciones , la Reciprocidad y Colaboraci\u00f3n Institucional y el cumplimiento de compromisos de manera aut\u00f3noma e independiente por cada instituci\u00f3n.<\/p>\n<p>Posteriormente a la firma del Convenio las autoridades de ambas instituciones realizaron intercambios constructivos sobre diferentes dimensiones de trabajo.<\/p>\n<p>Atte .<br \/>\nDr Santiago Com\u00e1n Secretario General ADUNSE-CONADU<\/p>\n","protected":false},"excerpt":{"rendered":"<p>En la Sede de Nuestro Gremio ADUNSE el d\u00eda martes 01 de Septiembre, se realiz\u00f3 la firma de \u00abConvenio de Cooperaci\u00f3n entre el gremio docente de Adunse Santiago y el&hellip; <\/p>\n","protected":false},"author":1,"featured_media":75257,"comment_status":"closed","ping_status":"closed","sticky":false,"template":"","format":"standard","meta":{"footnotes":""},"categories":[15],"tags":[],"class_list":["post-75256","post","type-post","status-publish","format-standard","has-post-thumbnail","hentry","category-unse"],"_links":{"self":[{"href":"http:\/\/elurbanoweb.com.ar\/diario\/wp-json\/wp\/v2\/posts\/75256","targetHints":{"allow":["GET"]}}],"collection":[{"href":"http:\/\/elurbanoweb.com.ar\/diario\/wp-json\/wp\/v2\/posts"}],"about":[{"href":"http:\/\/elurbanoweb.com.ar\/diario\/wp-json\/wp\/v2\/types\/post"}],"author":[{"embeddable":true,"href":"http:\/\/elurbanoweb.com.ar\/diario\/wp-json\/wp\/v2\/users\/1"}],"replies":[{"embeddable":true,"href":"http:\/\/elurbanoweb.com.ar\/diario\/wp-json\/wp\/v2\/comments?post=75256"}],"version-history":[{"count":1,"href":"http:\/\/elurbanoweb.com.ar\/diario\/wp-json\/wp\/v2\/posts\/75256\/revisions"}],"predecessor-version":[{"id":75258,"href":"http:\/\/elurbanoweb.com.ar\/diario\/wp-json\/wp\/v2\/posts\/75256\/revisions\/75258"}],"wp:featuredmedia":[{"embeddable":true,"href":"http:\/\/elurbanoweb.com.ar\/diario\/wp-json\/wp\/v2\/media\/75257"}],"wp:attachment":[{"href":"http:\/\/elurbanoweb.com.ar\/diario\/wp-json\/wp\/v2\/media?parent=75256"}],"wp:term":[{"taxonomy":"category","embeddable":true,"href":"http:\/\/elurbanoweb.com.ar\/diario\/wp-json\/wp\/v2\/categories?post=75256"},{"taxonomy":"post_tag","embeddable":true,"href":"http:\/\/elurbanoweb.com.ar\/diario\/wp-json\/wp\/v2\/tags?post=75256"}],"curies":[{"name":"wp","href":"https:\/\/api.w.org\/{rel}","templated":true}]}}