{"id":75263,"date":"2026-09-06T11:16:07","date_gmt":"2026-09-06T14:16:07","guid":{"rendered":"https:\/\/elurbanoweb.com.ar\/diario\/?p=75263"},"modified":"2026-09-06T11:16:07","modified_gmt":"2026-09-06T14:16:07","slug":"la-banda-se-consolida-como-cuna-de-poetas-cantores-y-bailarines-con-la-4-edicion-de-la-feria-del-libro","status":"publish","type":"post","link":"http:\/\/elurbanoweb.com.ar\/diario\/la-banda-se-consolida-como-cuna-de-poetas-cantores-y-bailarines-con-la-4-edicion-de-la-feria-del-libro\/","title":{"rendered":"La Banda se consolida como \u201cCuna de Poetas, Cantores y Bailarines\u201d con la 4\u00b0 Edici\u00f3n de la Feria del Libro"},"content":{"rendered":"<p>La ciudad de La Banda inicia el mes de los festejos por su 114\u00b0 aniversario con la 4\u00b0 Feria del Libro Municipal de La Banda \u201cEntre Rieles y letras\u201d que se desarrollar\u00e1 el martes 8 y mi\u00e9rcoles 9.<\/p>\n<p><img loading=\"lazy\" decoding=\"async\" class=\"alignnone wp-image-75264 size-full\" src=\"http:\/\/elurbanoweb.com.ar\/diario\/wp-content\/uploads\/2026\/09\/poetas.jpg\" alt=\"\" width=\"1010\" height=\"567\" srcset=\"http:\/\/elurbanoweb.com.ar\/diario\/wp-content\/uploads\/2026\/09\/poetas.jpg 1010w, http:\/\/elurbanoweb.com.ar\/diario\/wp-content\/uploads\/2026\/09\/poetas-300x168.jpg 300w, http:\/\/elurbanoweb.com.ar\/diario\/wp-content\/uploads\/2026\/09\/poetas-150x84.jpg 150w\" sizes=\"auto, (max-width: 1010px) 100vw, 1010px\" \/><\/p>\n<p><!--more--><\/p>\n<p>La programaci\u00f3n de la feria contempla presentaciones de libros, charlas, paneles, obras de teatro, talleres, muestras art\u00edsticas, actividades recreativas y propuestas interactivas en distintos espacios como el Cine Renzi, las salas de la Escuela Municipal de Programaci\u00f3n y Rob\u00f3tica y el Honorable Concejo Deliberante y el Tren al Desarrollo Estaci\u00f3n Banda.<\/p>\n<p>Desde la organizaci\u00f3n se inform\u00f3 que la visita a los stands y las diferentes charlas se realizar\u00e1 en los horarios de 8 a 13 y de 17 a 21 con entrada libre y gratuita.<\/p>\n<p>Cabe destacar, que desde la gesti\u00f3n del intendente Ing. Roger E. Nediani se dio impulso a este convocante evento que posiciona a La Banda como \u201cCuna de Poetas, Cantores y Bailarines\u201d fortaleciendo su identidad literaria, con propuestas que van desde la comunicaci\u00f3n, la inteligencia artificial aplicada a la educaci\u00f3n, la inclusi\u00f3n, la salud, el deporte, el medio ambiente, la historia local y provincial, entre los temas a tratarse en este nuevo encuentro.<\/p>\n","protected":false},"excerpt":{"rendered":"<p>La ciudad de La Banda inicia el mes de los festejos por su 114\u00b0 aniversario con la 4\u00b0 Feria del Libro Municipal de La Banda \u201cEntre Rieles y letras\u201d que&hellip; <\/p>\n","protected":false},"author":1,"featured_media":75264,"comment_status":"closed","ping_status":"closed","sticky":false,"template":"","format":"standard","meta":{"footnotes":""},"categories":[9],"tags":[],"class_list":["post-75263","post","type-post","status-publish","format-standard","has-post-thumbnail","hentry","category-la-banda"],"_links":{"self":[{"href":"http:\/\/elurbanoweb.com.ar\/diario\/wp-json\/wp\/v2\/posts\/75263","targetHints":{"allow":["GET"]}}],"collection":[{"href":"http:\/\/elurbanoweb.com.ar\/diario\/wp-json\/wp\/v2\/posts"}],"about":[{"href":"http:\/\/elurbanoweb.com.ar\/diario\/wp-json\/wp\/v2\/types\/post"}],"author":[{"embeddable":true,"href":"http:\/\/elurbanoweb.com.ar\/diario\/wp-json\/wp\/v2\/users\/1"}],"replies":[{"embeddable":true,"href":"http:\/\/elurbanoweb.com.ar\/diario\/wp-json\/wp\/v2\/comments?post=75263"}],"version-history":[{"count":1,"href":"http:\/\/elurbanoweb.com.ar\/diario\/wp-json\/wp\/v2\/posts\/75263\/revisions"}],"predecessor-version":[{"id":75265,"href":"http:\/\/elurbanoweb.com.ar\/diario\/wp-json\/wp\/v2\/posts\/75263\/revisions\/75265"}],"wp:featuredmedia":[{"embeddable":true,"href":"http:\/\/elurbanoweb.com.ar\/diario\/wp-json\/wp\/v2\/media\/75264"}],"wp:attachment":[{"href":"http:\/\/elurbanoweb.com.ar\/diario\/wp-json\/wp\/v2\/media?parent=75263"}],"wp:term":[{"taxonomy":"category","embeddable":true,"href":"http:\/\/elurbanoweb.com.ar\/diario\/wp-json\/wp\/v2\/categories?post=75263"},{"taxonomy":"post_tag","embeddable":true,"href":"http:\/\/elurbanoweb.com.ar\/diario\/wp-json\/wp\/v2\/tags?post=75263"}],"curies":[{"name":"wp","href":"https:\/\/api.w.org\/{rel}","templated":true}]}}