{"id":75266,"date":"2026-09-06T11:17:44","date_gmt":"2026-09-06T14:17:44","guid":{"rendered":"https:\/\/elurbanoweb.com.ar\/diario\/?p=75266"},"modified":"2026-09-06T11:17:44","modified_gmt":"2026-09-06T14:17:44","slug":"la-4a-feria-municipal-del-libro-presenta-una-amplia-agenda-de-actividades","status":"publish","type":"post","link":"http:\/\/elurbanoweb.com.ar\/diario\/la-4a-feria-municipal-del-libro-presenta-una-amplia-agenda-de-actividades\/","title":{"rendered":"La 4\u00aa Feria Municipal del libro presenta una amplia agenda de actividades"},"content":{"rendered":"<p>En el marco de la 4\u00b0 Feria Municipal del Libro de La Banda \u2013 Edici\u00f3n 2026, el martes 8 se desarrollar\u00e1 una extensa agenda de actividades culturales, educativas, literarias, tecnol\u00f3gicas y de promoci\u00f3n de la salud, destinadas a estudiantes, docentes y p\u00fablico en general.<\/p>\n<p><img loading=\"lazy\" decoding=\"async\" class=\"alignnone wp-image-75267 size-full\" src=\"http:\/\/elurbanoweb.com.ar\/diario\/wp-content\/uploads\/2026\/09\/buscame.jpg\" alt=\"\" width=\"1010\" height=\"567\" srcset=\"http:\/\/elurbanoweb.com.ar\/diario\/wp-content\/uploads\/2026\/09\/buscame.jpg 1010w, http:\/\/elurbanoweb.com.ar\/diario\/wp-content\/uploads\/2026\/09\/buscame-300x168.jpg 300w, http:\/\/elurbanoweb.com.ar\/diario\/wp-content\/uploads\/2026\/09\/buscame-150x84.jpg 150w\" sizes=\"auto, (max-width: 1010px) 100vw, 1010px\" \/><\/p>\n<p><!--more--><\/p>\n<p>La programaci\u00f3n comenzar\u00e1 desde las 9 y tendr\u00e1 como principales escenarios el Cine Teatro Renzi y las salas de la Escuela Municipal de Rob\u00f3tica, donde se desarrollar\u00e1n presentaciones de libros, charlas, talleres, espect\u00e1culos y propuestas vinculadas con las nuevas tecnolog\u00edas.<\/p>\n<p>En el Cine Teatro Renzi, la jornada comenzar\u00e1 a las 9 con \u201cEl amor en tiempo de algoritmos\u201d, a cargo del Lic. Ivon Quelas y Fundaci\u00f3n Parletre. A partir de las 10 se realizar\u00e1n diferentes funciones del grupo K\u2019\u00e9timporta \u2013 Los Keti, destinadas principalmente a alumnos de jardines de infantes y nivel primario.<\/p>\n<p>Por la tarde, a las 16, el equipo de la Direcci\u00f3n de Salud brindar\u00e1 una charla sobre Educaci\u00f3n Sexual Integral y enfermedades de transmisi\u00f3n sexual, destinada a estudiantes de los niveles Secundario y Superior y al p\u00fablico en general. A las 17 se realizar\u00e1 la proyecci\u00f3n del film \u201cShunko\u201d, con la presencia de su actor protagonista, \u00c1ngel Grecco, como parte de una actividad del Consejo de Cultura.<\/p>\n<p>En la Sala 1 de Rob\u00f3tica, las actividades incluir\u00e1n la presentaci\u00f3n de la novela \u201cCuenta y B\u00fascame\u201d, de Bruno Soria; una propuesta sobre Inteligencia Artificial; una charla sobre salud mental en adolescentes, estr\u00e9s y trastornos de ansiedad; y la presentaci\u00f3n del libro \u201cTres Voces del Norte\u201d.<\/p>\n<p>Durante la tarde se sumar\u00e1n actividades de rob\u00f3tica educativa y la propuesta \u201cSer ilustrador editorial Kapelusz y Santillana desde Santiago del Estero\u201d, a cargo de Dogo \u00c1lvarez. Tambi\u00e9n tendr\u00e1n lugar las presentaciones de \u201cAlma de mi Alma\u201d, de Elizabeth Gorosito, y \u201cDonde Manda la Realidad\u201d, del Lic. Ren\u00e9 Galv\u00e1n.<\/p>\n<p>La programaci\u00f3n de esta sala se completar\u00e1 con propuestas vinculadas a la educaci\u00f3n, la memoria y la identidad local, entre ellas \u201cMaestros Normales Rurales Santiague\u00f1os y su compromiso en el colapso del Modelo Agroexportador\u201d, a cargo de la Lic. Romina P\u00e9cora; \u201cEl paseo Gabriel \u00c1balos \u2018Vered\u00f3n\u2019: espacio p\u00fablico, memoria y normativa en la ciudad de La Banda\u201d, y \u201cLos Poetas y sus Coplas para La Banda, su gente y un Homenaje\u201d, con un homenaje cantado al poeta Crist\u00f3foro Ju\u00e1rez.<\/p>\n<p>Por su parte, la Sala 2 de Rob\u00f3tica ofrecer\u00e1 desde las 9 presentaciones de los libros \u201cEmociones\u201d y \u201cC\u00e1tedra del Dolor\u201d, adem\u00e1s de propuestas de realidad virtual junto a Game Zone y un espacio dedicado a la historia de los juegos de rol en la Argentina, a cargo de Fernando Albor.<\/p>\n<p>Durante la tarde se desarrollar\u00e1 \u201cC\u00f3mo dibujar H\u00e9roes y Villanos\u201d, con Paolo Novelli; una nueva experiencia de creaci\u00f3n de personajes en realidad virtual; y el seminario taller \u201cLa Banda y sus Poetas\u201d, a cargo de Sandra L\u00f3pez Paz.<\/p>\n<p>A las 17:30 se realizar\u00e1 \u201cFormaci\u00f3n y Gesti\u00f3n P\u00fablica: construyendo capacidades para la formaci\u00f3n del Estado\u201d, con la participaci\u00f3n de la Lic. Carolina Montenegro, Mg. M\u00f3nica Mattar y Mg. Mar\u00eda Ang\u00e9lica Ledesma. Posteriormente se presentar\u00e1 \u201cEl legado de los padres fundadores\u201d, con el Dr. Osvaldo Casta\u00f1ares y Jos\u00e9 Olivieri, y a las 19 tendr\u00e1 lugar la disertaci\u00f3n \u201cValores Humanos de Domingo Bravo\u201d, a cargo de Carmen Friedrich.<\/p>\n<p>A partir de las 19:50, la Sala 2 ser\u00e1 escenario de una Ronda de Poes\u00eda, que reunir\u00e1 a escritores y referentes del \u00e1mbito literario, generando un espacio de encuentro y expresi\u00f3n en torno a la palabra.<\/p>\n<p>En paralelo, durante los turnos ma\u00f1ana y tarde se desarrollar\u00e1n actividades de la Direcci\u00f3n de Salud sobre ESI, salud mental en adolescentes, primeros auxilios y RCP, destinadas a estudiantes, docentes y p\u00fablico en general.<\/p>\n<p>Asimismo, durante el martes 8 y mi\u00e9rcoles 9, el Sal\u00f3n del Tren al Desarrollo albergar\u00e1 la exposici\u00f3n de obras del escultor bande\u00f1o Roberto Benav\u00eddez, como parte de las actividades organizadas por el Consejo de Cultura.<\/p>\n<p>De esta manera, la 4\u00b0 Feria Municipal del Libro propone para el martes 8 una jornada que integra literatura, arte, educaci\u00f3n, tecnolog\u00eda, salud e identidad local, generando diferentes espacios de aprendizaje, intercambio y participaci\u00f3n para toda la comunidad.<\/p>\n<p>Estas acciones forman parte de las pol\u00edticas culturales y educativas impulsadas por la gesti\u00f3n del intendente Ing. Roger El\u00edas Nediani, orientadas a garantizar espacios de acceso a la cultura y al conocimiento, fortalecer la identidad bande\u00f1a y acompa\u00f1ar la participaci\u00f3n de escritores, artistas, estudiantes, docentes y diferentes instituciones de la ciudad, consolidando a la Feria Municipal del Libro como una propuesta de encuentro y crecimiento para la comunidad.<\/p>\n","protected":false},"excerpt":{"rendered":"<p>En el marco de la 4\u00b0 Feria Municipal del Libro de La Banda \u2013 Edici\u00f3n 2026, el martes 8 se desarrollar\u00e1 una extensa agenda de actividades culturales, educativas, literarias, tecnol\u00f3gicas&hellip; <\/p>\n","protected":false},"author":1,"featured_media":75267,"comment_status":"closed","ping_status":"closed","sticky":false,"template":"","format":"standard","meta":{"footnotes":""},"categories":[9],"tags":[],"class_list":["post-75266","post","type-post","status-publish","format-standard","has-post-thumbnail","hentry","category-la-banda"],"_links":{"self":[{"href":"http:\/\/elurbanoweb.com.ar\/diario\/wp-json\/wp\/v2\/posts\/75266","targetHints":{"allow":["GET"]}}],"collection":[{"href":"http:\/\/elurbanoweb.com.ar\/diario\/wp-json\/wp\/v2\/posts"}],"about":[{"href":"http:\/\/elurbanoweb.com.ar\/diario\/wp-json\/wp\/v2\/types\/post"}],"author":[{"embeddable":true,"href":"http:\/\/elurbanoweb.com.ar\/diario\/wp-json\/wp\/v2\/users\/1"}],"replies":[{"embeddable":true,"href":"http:\/\/elurbanoweb.com.ar\/diario\/wp-json\/wp\/v2\/comments?post=75266"}],"version-history":[{"count":1,"href":"http:\/\/elurbanoweb.com.ar\/diario\/wp-json\/wp\/v2\/posts\/75266\/revisions"}],"predecessor-version":[{"id":75268,"href":"http:\/\/elurbanoweb.com.ar\/diario\/wp-json\/wp\/v2\/posts\/75266\/revisions\/75268"}],"wp:featuredmedia":[{"embeddable":true,"href":"http:\/\/elurbanoweb.com.ar\/diario\/wp-json\/wp\/v2\/media\/75267"}],"wp:attachment":[{"href":"http:\/\/elurbanoweb.com.ar\/diario\/wp-json\/wp\/v2\/media?parent=75266"}],"wp:term":[{"taxonomy":"category","embeddable":true,"href":"http:\/\/elurbanoweb.com.ar\/diario\/wp-json\/wp\/v2\/categories?post=75266"},{"taxonomy":"post_tag","embeddable":true,"href":"http:\/\/elurbanoweb.com.ar\/diario\/wp-json\/wp\/v2\/tags?post=75266"}],"curies":[{"name":"wp","href":"https:\/\/api.w.org\/{rel}","templated":true}]}}