{"id":75269,"date":"2026-09-06T11:19:30","date_gmt":"2026-09-06T14:19:30","guid":{"rendered":"https:\/\/elurbanoweb.com.ar\/diario\/?p=75269"},"modified":"2026-09-06T11:19:30","modified_gmt":"2026-09-06T14:19:30","slug":"el-montecito-de-los-canichones-anuncio-como-continuara-el-refugio-tras-la-muerte-del-polaco","status":"publish","type":"post","link":"http:\/\/elurbanoweb.com.ar\/diario\/el-montecito-de-los-canichones-anuncio-como-continuara-el-refugio-tras-la-muerte-del-polaco\/","title":{"rendered":"El Montecito de los Canichones anunci\u00f3 c\u00f3mo continuar\u00e1 el refugio tras la muerte del Polaco"},"content":{"rendered":"<p>A pocos d\u00edas de la muerte de Eduardo \u201cEl Polaco\u201d Groh Riemersma, la Comisi\u00f3n Directiva de El Montecito de los Canichones difundi\u00f3 un nuevo comunicado en el que detall\u00f3 c\u00f3mo ser\u00e1 el funcionamiento del refugio durante esta etapa de transici\u00f3n y busc\u00f3 llevar tranquilidad a la comunidad que acompa\u00f1a desde hace a\u00f1os la tarea de protecci\u00f3n animal.<\/p>\n<p><img loading=\"lazy\" decoding=\"async\" class=\"alignnone wp-image-75270 size-full\" src=\"http:\/\/elurbanoweb.com.ar\/diario\/wp-content\/uploads\/2026\/09\/montecito.jpg\" alt=\"\" width=\"1010\" height=\"567\" srcset=\"http:\/\/elurbanoweb.com.ar\/diario\/wp-content\/uploads\/2026\/09\/montecito.jpg 1010w, http:\/\/elurbanoweb.com.ar\/diario\/wp-content\/uploads\/2026\/09\/montecito-300x168.jpg 300w, http:\/\/elurbanoweb.com.ar\/diario\/wp-content\/uploads\/2026\/09\/montecito-150x84.jpg 150w\" sizes=\"auto, (max-width: 1010px) 100vw, 1010px\" \/><\/p>\n<p><!--more--><\/p>\n<p>Desde la instituci\u00f3n remarcaron que el refugio continuar\u00e1 funcionando y que las decisiones adoptadas tienen como principal objetivo garantizar el cuidado, la alimentaci\u00f3n y la atenci\u00f3n veterinaria de los canichones.<\/p>\n<p>La Comisi\u00f3n Directiva continuar\u00e1 actuando como cuerpo colegiado, de acuerdo con lo establecido en el estatuto, y mantendr\u00e1 la misma composici\u00f3n que ten\u00eda hasta el fallecimiento de su presidente. En ese sentido, realizaron adem\u00e1s una aclaraci\u00f3n puntual: Mar\u00eda Florencia Carol nunca fue apartada por el Polaco.<\/p>\n<p>Como parte de la reorganizaci\u00f3n, la Comisi\u00f3n anunci\u00f3 la incorporaci\u00f3n de dos funciones consideradas centrales para garantizar el funcionamiento cotidiano.<\/p>\n<p>Por un lado, se designar\u00e1 un Director Operativo, que tendr\u00e1 a su cargo la organizaci\u00f3n general y el funcionamiento del refugio.<\/p>\n<p>Por otro, se incorporar\u00e1 un Director T\u00e9cnico Veterinario, quien ser\u00e1 un profesional encargado del seguimiento y asesoramiento en materia sanitaria y de bienestar animal.<\/p>\n<p>La intenci\u00f3n, explicaron, es establecer una estructura que permita ordenar las tareas y sostener la actividad cotidiana del refugio mientras avanza el proceso institucional.<\/p>\n<p>Uno de los principales mensajes del comunicado estuvo dirigido a quienes manifestaron preocupaci\u00f3n por la situaci\u00f3n de los animales.<\/p>\n<p>Desde El Montecito se\u00f1alaron que siempre cuentan con stock de alimento para los canichones y que actualmente se est\u00e1 realizando una constataci\u00f3n y certificaci\u00f3n de las existencias disponibles.<\/p>\n<p>El objetivo es determinar con precisi\u00f3n cu\u00e1nto alimento hay disponible y durante cu\u00e1nto tiempo puede garantizarse la cobertura de las necesidades del refugio. Una vez finalizado ese relevamiento, la Comisi\u00f3n Directiva asegur\u00f3 que dar\u00e1 a conocer la informaci\u00f3n a la comunidad.<\/p>\n<p>Tambi\u00e9n destacaron el acompa\u00f1amiento de padrinos an\u00f3nimos que se ofrecieron a financiar los gastos necesarios durante esta etapa de transici\u00f3n administrativa.<\/p>\n<p>Otro de los puntos centrales del comunicado fue una reivindicaci\u00f3n de la manera en que Eduardo Riemersma administraba los recursos del refugio.<\/p>\n<p>La Comisi\u00f3n sostuvo que El Montecito siempre fue un refugio solvente y remarc\u00f3 que el Polaco no dej\u00f3 una instituci\u00f3n desfinanciada.<\/p>\n<p>\u201cLas donaciones siempre pertenecieron al refugio\u201d, se\u00f1alaron desde la Comisi\u00f3n, al explicar que los recursos eran administrados institucionalmente y utilizados para afrontar los pagos a proveedores.<\/p>\n<p>En esa l\u00ednea, remarcaron que el objetivo de la nueva etapa ser\u00e1 preservar esa estabilidad econ\u00f3mica y administrar los recursos con responsabilidad y transparencia, manteniendo el criterio de funcionamiento que hab\u00eda sostenido el fundador.<\/p>\n<p>A partir de ahora, quienes quieran colaborar econ\u00f3micamente con El Montecito podr\u00e1n hacerlo a trav\u00e9s de la cuenta oficial de la Asociaci\u00f3n Civil Santiague\u00f1a El Montecito de los Canichones.<\/p>\n<p>Los datos difundidos por la Comisi\u00f3n son:<\/p>\n<p>Titular: Asociaci\u00f3n Civil Santiague\u00f1a El Montecito de los Canichones<br \/>\nCUIT: 30-71645076-3<br \/>\nBanco: Santander<br \/>\nCBU: 0720151220000001577136<br \/>\nAlias: CUERDA.ABEDUL.PASTO<\/p>\n<p>La Comisi\u00f3n solicit\u00f3 especialmente que, antes de realizar una transferencia, se verifiquen los datos y que la informaci\u00f3n provenga exclusivamente de los canales oficiales del refugio.<\/p>\n<p>Este punto adquiere especial importancia luego de las advertencias realizadas en los \u00faltimos d\u00edas sobre pedidos de dinero y cuentas que no hab\u00edan sido habilitadas oficialmente. En los primeros d\u00edas posteriores a la muerte del Polaco, la propia instituci\u00f3n hab\u00eda pedido no realizar transferencias hasta contar con un mecanismo seguro para recibir aportes.<\/p>\n<p>La Comisi\u00f3n Directiva tambi\u00e9n estableci\u00f3 nuevas pautas para el ingreso de personas externas al refugio.<\/p>\n<p>Las visitas deber\u00e1n ser previamente autorizadas y no se permitir\u00e1 el ingreso sin el permiso correspondiente de la Comisi\u00f3n.<\/p>\n<p>Desde la instituci\u00f3n explicaron que la medida busca principalmente proteger a los animales, ya que el ingreso permanente de personas, los cambios en el entorno y la circulaci\u00f3n de desconocidos pueden generarles estr\u00e9s y alterar su bienestar.<\/p>\n<p>Adem\u00e1s, remarcaron que el protocolo tambi\u00e9n apunta a preservar la seguridad de quienes ingresen, debido a que el refugio no podr\u00e1 asumir responsabilidad por mordeduras, accidentes u otras lesiones que pudieran producirse ante un ingreso no autorizado.<\/p>\n<p>La Comisi\u00f3n Directiva asegur\u00f3 que todas las decisiones adoptadas buscan preservar el legado del Polaco y el protocolo de trabajo que sostuvo durante a\u00f1os.<\/p>\n<p>\u201cEl respeto por los canichones\u201d seguir\u00e1 siendo, seg\u00fan remarcaron, el eje de la tarea diaria, con prioridad en el cuidado, la alimentaci\u00f3n, la atenci\u00f3n veterinaria y una vida digna para cada animal.<\/p>\n<p>Tambi\u00e9n se estableci\u00f3 que ning\u00fan proveedor o persona externa podr\u00e1 organizar campa\u00f1as, colectas o acciones en nombre de El Montecito sin autorizaci\u00f3n expresa de la Comisi\u00f3n Directiva.<\/p>\n<p>Toda comunicaci\u00f3n relacionada con donaciones, necesidades, campa\u00f1as o actividades deber\u00e1 difundirse mediante los canales oficiales.<\/p>\n<p>Mientras se desarrolla esta etapa de transici\u00f3n, la Comisi\u00f3n Directiva trabaja en el ordenamiento institucional y en la convocatoria a una Asamblea, que se realizar\u00e1 una vez cumplidos los pasos necesarios.<\/p>\n<p>En esa instancia se brindar\u00e1 la informaci\u00f3n correspondiente y se abordar\u00e1n los temas necesarios para definir la continuidad institucional de la asociaci\u00f3n.<\/p>\n<p>Desde El Montecito se\u00f1alaron adem\u00e1s que cuentan con el asesoramiento del Director del Campito Refugio de Buenos Aires, cuya experiencia en la gesti\u00f3n de refugios est\u00e1 siendo utilizada para acompa\u00f1ar este proceso.<\/p>\n<p>La Comisi\u00f3n anticip\u00f3 que, una vez superada la etapa de transici\u00f3n y ordenamiento administrativo, buscar\u00e1n retomar algunas de las actividades que formaban parte del trabajo del Polaco.<\/p>\n<p>Entre ellas se encuentran las acciones de educaci\u00f3n y concientizaci\u00f3n en escuelas y las campa\u00f1as de adopci\u00f3n responsable para aquellos canichones que se encuentren en condiciones de encontrar un hogar definitivo.<\/p>\n<p>El mensaje final del comunicado busc\u00f3 despejar las dudas sobre el futuro de la instituci\u00f3n: \u201cEl Montecito de los Canichones contin\u00faa\u201d.<\/p>\n<p>La Comisi\u00f3n Directiva sostuvo que el objetivo es permanecer unida y organizada para cuidar a los animales y mantener vivo el legado de Eduardo \u201cEl Polaco\u201d Groh Riemersma, al tiempo que se busca profundizar la conciencia sobre el cuidado, el respeto y la tenencia responsable de los animales.<\/p>\n","protected":false},"excerpt":{"rendered":"<p>A pocos d\u00edas de la muerte de Eduardo \u201cEl Polaco\u201d Groh Riemersma, la Comisi\u00f3n Directiva de El Montecito de los Canichones difundi\u00f3 un nuevo comunicado en el que detall\u00f3 c\u00f3mo&hellip; <\/p>\n","protected":false},"author":1,"featured_media":75270,"comment_status":"closed","ping_status":"closed","sticky":false,"template":"","format":"standard","meta":{"footnotes":""},"categories":[16],"tags":[],"class_list":["post-75269","post","type-post","status-publish","format-standard","has-post-thumbnail","hentry","category-locales"],"_links":{"self":[{"href":"http:\/\/elurbanoweb.com.ar\/diario\/wp-json\/wp\/v2\/posts\/75269","targetHints":{"allow":["GET"]}}],"collection":[{"href":"http:\/\/elurbanoweb.com.ar\/diario\/wp-json\/wp\/v2\/posts"}],"about":[{"href":"http:\/\/elurbanoweb.com.ar\/diario\/wp-json\/wp\/v2\/types\/post"}],"author":[{"embeddable":true,"href":"http:\/\/elurbanoweb.com.ar\/diario\/wp-json\/wp\/v2\/users\/1"}],"replies":[{"embeddable":true,"href":"http:\/\/elurbanoweb.com.ar\/diario\/wp-json\/wp\/v2\/comments?post=75269"}],"version-history":[{"count":1,"href":"http:\/\/elurbanoweb.com.ar\/diario\/wp-json\/wp\/v2\/posts\/75269\/revisions"}],"predecessor-version":[{"id":75271,"href":"http:\/\/elurbanoweb.com.ar\/diario\/wp-json\/wp\/v2\/posts\/75269\/revisions\/75271"}],"wp:featuredmedia":[{"embeddable":true,"href":"http:\/\/elurbanoweb.com.ar\/diario\/wp-json\/wp\/v2\/media\/75270"}],"wp:attachment":[{"href":"http:\/\/elurbanoweb.com.ar\/diario\/wp-json\/wp\/v2\/media?parent=75269"}],"wp:term":[{"taxonomy":"category","embeddable":true,"href":"http:\/\/elurbanoweb.com.ar\/diario\/wp-json\/wp\/v2\/categories?post=75269"},{"taxonomy":"post_tag","embeddable":true,"href":"http:\/\/elurbanoweb.com.ar\/diario\/wp-json\/wp\/v2\/tags?post=75269"}],"curies":[{"name":"wp","href":"https:\/\/api.w.org\/{rel}","templated":true}]}}