{"id":75278,"date":"2026-09-06T11:24:41","date_gmt":"2026-09-06T14:24:41","guid":{"rendered":"https:\/\/elurbanoweb.com.ar\/diario\/?p=75278"},"modified":"2026-09-06T11:24:41","modified_gmt":"2026-09-06T14:24:41","slug":"la-6-marcha-de-los-bombos-unio-a-turistas-y-vecinos-en-termas","status":"publish","type":"post","link":"http:\/\/elurbanoweb.com.ar\/diario\/la-6-marcha-de-los-bombos-unio-a-turistas-y-vecinos-en-termas\/","title":{"rendered":"La 6\u00b0 Marcha de los Bombos uni\u00f3 a turistas y vecinos en Termas"},"content":{"rendered":"<p>En el marco de los festejos por el 72\u00b0 aniversario de Las Termas de R\u00edo Hondo, se realiz\u00f3 este s\u00e1bado con gran \u00e9xito la sexta edici\u00f3n de la Marcha de los Bombos con la participaci\u00f3n de una gran cantidad de vecinos y visitantes.<\/p>\n<p><img loading=\"lazy\" decoding=\"async\" class=\"alignnone wp-image-75279 size-large\" src=\"http:\/\/elurbanoweb.com.ar\/diario\/wp-content\/uploads\/2026\/09\/marcha11-1024x682.jpg\" alt=\"\" width=\"1024\" height=\"682\" srcset=\"http:\/\/elurbanoweb.com.ar\/diario\/wp-content\/uploads\/2026\/09\/marcha11-1024x682.jpg 1024w, http:\/\/elurbanoweb.com.ar\/diario\/wp-content\/uploads\/2026\/09\/marcha11-300x200.jpg 300w, http:\/\/elurbanoweb.com.ar\/diario\/wp-content\/uploads\/2026\/09\/marcha11-150x100.jpg 150w, http:\/\/elurbanoweb.com.ar\/diario\/wp-content\/uploads\/2026\/09\/marcha11-1536x1023.jpg 1536w, http:\/\/elurbanoweb.com.ar\/diario\/wp-content\/uploads\/2026\/09\/marcha11.jpg 1600w\" sizes=\"auto, (max-width: 1024px) 100vw, 1024px\" \/><\/p>\n<p><!--more--><\/p>\n<p>La manifestaci\u00f3n cultural fue encabezada por la intendente Paula C\u00e1nepa, acompa\u00f1ada por el diputado nacional Jorge Mukdise y dos de los creadores de este evento popular: Teresa Castronuovo y el \u201cIndio\u201d Froil\u00e1n Gonz\u00e1lez.<\/p>\n<p>La columna parti\u00f3 desde el Centro Cultural General San Mart\u00edn y, al ritmo del bombo leg\u00fcero, recorri\u00f3 las calles c\u00e9ntricas del principal destino tur\u00edstico de la provincia para finalizar en la explanada del casino.<\/p>\n","protected":false},"excerpt":{"rendered":"<p>En el marco de los festejos por el 72\u00b0 aniversario de Las Termas de R\u00edo Hondo, se realiz\u00f3 este s\u00e1bado con gran \u00e9xito la sexta edici\u00f3n de la Marcha de&hellip; <\/p>\n","protected":false},"author":1,"featured_media":75279,"comment_status":"closed","ping_status":"closed","sticky":false,"template":"","format":"standard","meta":{"footnotes":""},"categories":[16],"tags":[],"class_list":["post-75278","post","type-post","status-publish","format-standard","has-post-thumbnail","hentry","category-locales"],"_links":{"self":[{"href":"http:\/\/elurbanoweb.com.ar\/diario\/wp-json\/wp\/v2\/posts\/75278","targetHints":{"allow":["GET"]}}],"collection":[{"href":"http:\/\/elurbanoweb.com.ar\/diario\/wp-json\/wp\/v2\/posts"}],"about":[{"href":"http:\/\/elurbanoweb.com.ar\/diario\/wp-json\/wp\/v2\/types\/post"}],"author":[{"embeddable":true,"href":"http:\/\/elurbanoweb.com.ar\/diario\/wp-json\/wp\/v2\/users\/1"}],"replies":[{"embeddable":true,"href":"http:\/\/elurbanoweb.com.ar\/diario\/wp-json\/wp\/v2\/comments?post=75278"}],"version-history":[{"count":1,"href":"http:\/\/elurbanoweb.com.ar\/diario\/wp-json\/wp\/v2\/posts\/75278\/revisions"}],"predecessor-version":[{"id":75280,"href":"http:\/\/elurbanoweb.com.ar\/diario\/wp-json\/wp\/v2\/posts\/75278\/revisions\/75280"}],"wp:featuredmedia":[{"embeddable":true,"href":"http:\/\/elurbanoweb.com.ar\/diario\/wp-json\/wp\/v2\/media\/75279"}],"wp:attachment":[{"href":"http:\/\/elurbanoweb.com.ar\/diario\/wp-json\/wp\/v2\/media?parent=75278"}],"wp:term":[{"taxonomy":"category","embeddable":true,"href":"http:\/\/elurbanoweb.com.ar\/diario\/wp-json\/wp\/v2\/categories?post=75278"},{"taxonomy":"post_tag","embeddable":true,"href":"http:\/\/elurbanoweb.com.ar\/diario\/wp-json\/wp\/v2\/tags?post=75278"}],"curies":[{"name":"wp","href":"https:\/\/api.w.org\/{rel}","templated":true}]}}