{"id":75281,"date":"2026-09-06T11:27:20","date_gmt":"2026-09-06T14:27:20","guid":{"rendered":"https:\/\/elurbanoweb.com.ar\/diario\/?p=75281"},"modified":"2026-09-06T11:27:20","modified_gmt":"2026-09-06T14:27:20","slug":"orgullo-santiagueno-walter-muratore-y-su-perro-argos-lograron-el-primer-puesto-nacional-en-busqueda-de-personas","status":"publish","type":"post","link":"http:\/\/elurbanoweb.com.ar\/diario\/orgullo-santiagueno-walter-muratore-y-su-perro-argos-lograron-el-primer-puesto-nacional-en-busqueda-de-personas\/","title":{"rendered":"Orgullo santiague\u00f1o: Walter Muratore y su perro Argos lograron el primer puesto nacional en b\u00fasqueda de personas"},"content":{"rendered":"<p>El sargento primero de la Polic\u00eda de Santiago del Estero y su can se destacaron en la especialidad de b\u00fasqueda de personas vivas en grandes \u00e1reas rurales.<\/p>\n<p><img loading=\"lazy\" decoding=\"async\" class=\"alignnone wp-image-75282 size-full\" src=\"http:\/\/elurbanoweb.com.ar\/diario\/wp-content\/uploads\/2026\/09\/muratore.jpg\" alt=\"\" width=\"1010\" height=\"567\" srcset=\"http:\/\/elurbanoweb.com.ar\/diario\/wp-content\/uploads\/2026\/09\/muratore.jpg 1010w, http:\/\/elurbanoweb.com.ar\/diario\/wp-content\/uploads\/2026\/09\/muratore-300x168.jpg 300w, http:\/\/elurbanoweb.com.ar\/diario\/wp-content\/uploads\/2026\/09\/muratore-150x84.jpg 150w\" sizes=\"auto, (max-width: 1010px) 100vw, 1010px\" \/><\/p>\n<p><!--more--><\/p>\n<p>Un binomio de la Polic\u00eda de Santiago del Estero alcanz\u00f3 un destacado resultado en una evaluaci\u00f3n de alcance nacional. El sargento primero Walter Muratore, junto a su can Argos, obtuvo el primer puesto en la especialidad de b\u00fasqueda de personas vivas en grandes \u00e1reas, logrando adem\u00e1s la certificaci\u00f3n que permitir\u00e1 su incorporaci\u00f3n al Registro Nacional de Equipos Cinot\u00e9cnicos de B\u00fasqueda de Personas Vivas en Grandes \u00c1reas (Rural).<\/p>\n<p>La distinci\u00f3n se produjo en el marco de las jornadas de evaluaci\u00f3n y certificaci\u00f3n de equipos cinot\u00e9cnicos que se desarrollan en instalaciones de la Polic\u00eda de la Provincia de Santiago del Estero, que en esta oportunidad funciona como sede de una instancia de alcance nacional.<\/p>\n","protected":false},"excerpt":{"rendered":"<p>El sargento primero de la Polic\u00eda de Santiago del Estero y su can se destacaron en la especialidad de b\u00fasqueda de personas vivas en grandes \u00e1reas rurales.<\/p>\n","protected":false},"author":1,"featured_media":75282,"comment_status":"closed","ping_status":"closed","sticky":false,"template":"","format":"standard","meta":{"footnotes":""},"categories":[16],"tags":[],"class_list":["post-75281","post","type-post","status-publish","format-standard","has-post-thumbnail","hentry","category-locales"],"_links":{"self":[{"href":"http:\/\/elurbanoweb.com.ar\/diario\/wp-json\/wp\/v2\/posts\/75281","targetHints":{"allow":["GET"]}}],"collection":[{"href":"http:\/\/elurbanoweb.com.ar\/diario\/wp-json\/wp\/v2\/posts"}],"about":[{"href":"http:\/\/elurbanoweb.com.ar\/diario\/wp-json\/wp\/v2\/types\/post"}],"author":[{"embeddable":true,"href":"http:\/\/elurbanoweb.com.ar\/diario\/wp-json\/wp\/v2\/users\/1"}],"replies":[{"embeddable":true,"href":"http:\/\/elurbanoweb.com.ar\/diario\/wp-json\/wp\/v2\/comments?post=75281"}],"version-history":[{"count":1,"href":"http:\/\/elurbanoweb.com.ar\/diario\/wp-json\/wp\/v2\/posts\/75281\/revisions"}],"predecessor-version":[{"id":75283,"href":"http:\/\/elurbanoweb.com.ar\/diario\/wp-json\/wp\/v2\/posts\/75281\/revisions\/75283"}],"wp:featuredmedia":[{"embeddable":true,"href":"http:\/\/elurbanoweb.com.ar\/diario\/wp-json\/wp\/v2\/media\/75282"}],"wp:attachment":[{"href":"http:\/\/elurbanoweb.com.ar\/diario\/wp-json\/wp\/v2\/media?parent=75281"}],"wp:term":[{"taxonomy":"category","embeddable":true,"href":"http:\/\/elurbanoweb.com.ar\/diario\/wp-json\/wp\/v2\/categories?post=75281"},{"taxonomy":"post_tag","embeddable":true,"href":"http:\/\/elurbanoweb.com.ar\/diario\/wp-json\/wp\/v2\/tags?post=75281"}],"curies":[{"name":"wp","href":"https:\/\/api.w.org\/{rel}","templated":true}]}}