{"id":75284,"date":"2026-09-06T11:31:56","date_gmt":"2026-09-06T14:31:56","guid":{"rendered":"https:\/\/elurbanoweb.com.ar\/diario\/?p=75284"},"modified":"2026-09-06T11:31:56","modified_gmt":"2026-09-06T14:31:56","slug":"exitoso-primer-encuentro-federal-de-fuegueros-en-santiago-del-estero","status":"publish","type":"post","link":"http:\/\/elurbanoweb.com.ar\/diario\/exitoso-primer-encuentro-federal-de-fuegueros-en-santiago-del-estero\/","title":{"rendered":"Exitoso primer Encuentro Federal de Fuegueros en Santiago del Estero"},"content":{"rendered":"<p>Fan\u00e1ticos de la Renault Coup\u00e9 Fuego de distintos puntos del pa\u00eds se reunieron este s\u00e1bado en El Zanj\u00f3n para compartir una jornada que combin\u00f3 pasi\u00f3n por los veh\u00edculos, turismo, recreaci\u00f3n y actividades para toda la familia.<\/p>\n<p><img loading=\"lazy\" decoding=\"async\" class=\"alignnone wp-image-75285 size-large\" src=\"http:\/\/elurbanoweb.com.ar\/diario\/wp-content\/uploads\/2026\/09\/fanaticos-1024x682.jpg\" alt=\"\" width=\"1024\" height=\"682\" srcset=\"http:\/\/elurbanoweb.com.ar\/diario\/wp-content\/uploads\/2026\/09\/fanaticos-1024x682.jpg 1024w, http:\/\/elurbanoweb.com.ar\/diario\/wp-content\/uploads\/2026\/09\/fanaticos-300x200.jpg 300w, http:\/\/elurbanoweb.com.ar\/diario\/wp-content\/uploads\/2026\/09\/fanaticos-150x100.jpg 150w, http:\/\/elurbanoweb.com.ar\/diario\/wp-content\/uploads\/2026\/09\/fanaticos.jpg 1280w\" sizes=\"auto, (max-width: 1024px) 100vw, 1024px\" \/><\/p>\n<p><!--more--><\/p>\n<p>Con fan\u00e1ticos de la Renault Coup\u00e9 Fuego de distintos puntos del pa\u00eds se realiz\u00f3 este s\u00e1bado el 1\u00b0 Encuentro Federal de Fuegueros, en el Shopping Conte, en la localidad de El Zanj\u00f3n, en la Capital.<\/p>\n<p>La propuesta, que cont\u00f3 con el acompa\u00f1amiento del Gobierno de la provincia, fue un verdadero atractivo para mucha gente, seg\u00fan indic\u00f3 el presidente del Coup\u00e9 Fuego Club Santiago del Estero, Ad\u00e1n Gay Garbi; quien destac\u00f3 adem\u00e1s la presencia del senador Gerardo Zamora junto con la ex gobernadora Claudia Zamora.<\/p>\n<p><img loading=\"lazy\" decoding=\"async\" class=\"alignnone wp-image-75286 size-full\" src=\"http:\/\/elurbanoweb.com.ar\/diario\/wp-content\/uploads\/2026\/09\/fanaticos1.jpg\" alt=\"\" width=\"1024\" height=\"682\" srcset=\"http:\/\/elurbanoweb.com.ar\/diario\/wp-content\/uploads\/2026\/09\/fanaticos1.jpg 1024w, http:\/\/elurbanoweb.com.ar\/diario\/wp-content\/uploads\/2026\/09\/fanaticos1-300x200.jpg 300w, http:\/\/elurbanoweb.com.ar\/diario\/wp-content\/uploads\/2026\/09\/fanaticos1-150x100.jpg 150w\" sizes=\"auto, (max-width: 1024px) 100vw, 1024px\" \/><\/p>\n<p>Tambi\u00e9n fueron parte del evento el secretario de Deportes y Recreaci\u00f3n, Carlos Dapello; el subsecretario de Turismo, Nelson Bravo; el diputado provincial Daniel Zamora; y el coordinador de Relaciones P\u00fablicas del Club, Marcelo D\u00edaz.<\/p>\n<p>Daniel Zamora, por su parte, resalt\u00f3 el acompa\u00f1amiento de los santiague\u00f1os y fan\u00e1ticos de otras provincias a esta iniciativa que tiene un gran valor tur\u00edstico, social y recreativo.<\/p>\n<p><img loading=\"lazy\" decoding=\"async\" class=\"alignnone wp-image-75287 size-full\" src=\"http:\/\/elurbanoweb.com.ar\/diario\/wp-content\/uploads\/2026\/09\/fanaticos2.jpg\" alt=\"\" width=\"1024\" height=\"682\" srcset=\"http:\/\/elurbanoweb.com.ar\/diario\/wp-content\/uploads\/2026\/09\/fanaticos2.jpg 1024w, http:\/\/elurbanoweb.com.ar\/diario\/wp-content\/uploads\/2026\/09\/fanaticos2-300x200.jpg 300w, http:\/\/elurbanoweb.com.ar\/diario\/wp-content\/uploads\/2026\/09\/fanaticos2-150x100.jpg 150w\" sizes=\"auto, (max-width: 1024px) 100vw, 1024px\" \/><\/p>\n","protected":false},"excerpt":{"rendered":"<p>Fan\u00e1ticos de la Renault Coup\u00e9 Fuego de distintos puntos del pa\u00eds se reunieron este s\u00e1bado en El Zanj\u00f3n para compartir una jornada que combin\u00f3 pasi\u00f3n por los veh\u00edculos, turismo, recreaci\u00f3n&hellip; <\/p>\n","protected":false},"author":1,"featured_media":75285,"comment_status":"closed","ping_status":"closed","sticky":false,"template":"","format":"standard","meta":{"footnotes":""},"categories":[4],"tags":[],"class_list":["post-75284","post","type-post","status-publish","format-standard","has-post-thumbnail","hentry","category-deportes"],"_links":{"self":[{"href":"http:\/\/elurbanoweb.com.ar\/diario\/wp-json\/wp\/v2\/posts\/75284","targetHints":{"allow":["GET"]}}],"collection":[{"href":"http:\/\/elurbanoweb.com.ar\/diario\/wp-json\/wp\/v2\/posts"}],"about":[{"href":"http:\/\/elurbanoweb.com.ar\/diario\/wp-json\/wp\/v2\/types\/post"}],"author":[{"embeddable":true,"href":"http:\/\/elurbanoweb.com.ar\/diario\/wp-json\/wp\/v2\/users\/1"}],"replies":[{"embeddable":true,"href":"http:\/\/elurbanoweb.com.ar\/diario\/wp-json\/wp\/v2\/comments?post=75284"}],"version-history":[{"count":1,"href":"http:\/\/elurbanoweb.com.ar\/diario\/wp-json\/wp\/v2\/posts\/75284\/revisions"}],"predecessor-version":[{"id":75288,"href":"http:\/\/elurbanoweb.com.ar\/diario\/wp-json\/wp\/v2\/posts\/75284\/revisions\/75288"}],"wp:featuredmedia":[{"embeddable":true,"href":"http:\/\/elurbanoweb.com.ar\/diario\/wp-json\/wp\/v2\/media\/75285"}],"wp:attachment":[{"href":"http:\/\/elurbanoweb.com.ar\/diario\/wp-json\/wp\/v2\/media?parent=75284"}],"wp:term":[{"taxonomy":"category","embeddable":true,"href":"http:\/\/elurbanoweb.com.ar\/diario\/wp-json\/wp\/v2\/categories?post=75284"},{"taxonomy":"post_tag","embeddable":true,"href":"http:\/\/elurbanoweb.com.ar\/diario\/wp-json\/wp\/v2\/tags?post=75284"}],"curies":[{"name":"wp","href":"https:\/\/api.w.org\/{rel}","templated":true}]}}