{"id":75289,"date":"2026-09-06T11:35:24","date_gmt":"2026-09-06T14:35:24","guid":{"rendered":"https:\/\/elurbanoweb.com.ar\/diario\/?p=75289"},"modified":"2026-09-06T11:35:24","modified_gmt":"2026-09-06T14:35:24","slug":"la-intendente-fuentes-y-el-secretario-dapello-participaron-de-la-apertura-del-encuentro-de-rugby-infantil-pegasito","status":"publish","type":"post","link":"http:\/\/elurbanoweb.com.ar\/diario\/la-intendente-fuentes-y-el-secretario-dapello-participaron-de-la-apertura-del-encuentro-de-rugby-infantil-pegasito\/","title":{"rendered":"La intendente Fuentes y el secretario Dapello participaron de la apertura del Encuentro de rugby infantil \u201cPegasito\u201d"},"content":{"rendered":"<p>La intendente, Ing. Norma Fuentes y el secretario de Deportes de la Provincia, Carlos Dapello, encabezaron la apertura oficial de la 12\u00b0 edici\u00f3n del Encuentro de Rugby Infantil \u201cPegasito\u201d, organizado por el Santiago Rugby Club y que cont\u00f3 con la participaci\u00f3n de 400 ni\u00f1os de equipos de La Banda, Capital y Termas de R\u00edo Hondo.<\/p>\n<p><img loading=\"lazy\" decoding=\"async\" class=\"alignnone wp-image-75290 size-large\" src=\"http:\/\/elurbanoweb.com.ar\/diario\/wp-content\/uploads\/2026\/09\/pegacito-1024x890.jpg\" alt=\"\" width=\"1024\" height=\"890\" srcset=\"http:\/\/elurbanoweb.com.ar\/diario\/wp-content\/uploads\/2026\/09\/pegacito-1024x890.jpg 1024w, http:\/\/elurbanoweb.com.ar\/diario\/wp-content\/uploads\/2026\/09\/pegacito-300x261.jpg 300w, http:\/\/elurbanoweb.com.ar\/diario\/wp-content\/uploads\/2026\/09\/pegacito-150x130.jpg 150w, http:\/\/elurbanoweb.com.ar\/diario\/wp-content\/uploads\/2026\/09\/pegacito.jpg 1119w\" sizes=\"auto, (max-width: 1024px) 100vw, 1024px\" \/><\/p>\n<p><!--more--> Tambi\u00e9n estuvieron presentes en la ceremonia, los subsecretarios de Coordinaci\u00f3n, Daniel Kobyla\u00f1ski, y de Econom\u00eda, Francisco Zamora, el presidente de la entidad deportiva anfitriona, Eduardo Garay y miembros de la comisi\u00f3n directiva.<\/p>\n<p>La apertura se dio inicio con las palabras de bienvenida del presidente Garay , quien inst\u00f3 a los ni\u00f1os a disfrutar de una jornada de confraternizaci\u00f3n y amistad a trav\u00e9s de la pr\u00e1ctica de este deporte.<\/p>\n<p>Luego, el Prof. Dapello transmiti\u00f3 el saludo del gobernador El\u00edas Su\u00e1rez y felicit\u00f3 a los organizadores, a los padres y a los peque\u00f1os por formar parte de un encuentro donde se une el deporte y la amistad.<\/p>\n<p>El cierre del acto estuvo a cargo de la intendente Fuentes, quien destac\u00f3 la organizaci\u00f3n del evento de rugby infantil en donde m\u00e1s 400 ni\u00f1os participaron de un encuentro deportivo y felicit\u00f3 al club por los adelantos en infraestructura.<\/p>\n<p>Asimismo, remarc\u00f3 que tanto el gobierno provincial como el municipal apoyan estos encuentros que forman a j\u00f3venes deportistas.<\/p>\n<p>Por \u00faltimo, la Ing. Fuentes destac\u00f3 el rol fundamental de las familias que promueven las pr\u00e1cticas deportivas en los ni\u00f1os en jornadas de compa\u00f1erismo y de diversi\u00f3n.<\/p>\n<p><img loading=\"lazy\" decoding=\"async\" class=\"alignnone wp-image-75291 size-large\" src=\"http:\/\/elurbanoweb.com.ar\/diario\/wp-content\/uploads\/2026\/09\/pegacito1-1024x683.jpg\" alt=\"\" width=\"1024\" height=\"683\" srcset=\"http:\/\/elurbanoweb.com.ar\/diario\/wp-content\/uploads\/2026\/09\/pegacito1-1024x683.jpg 1024w, http:\/\/elurbanoweb.com.ar\/diario\/wp-content\/uploads\/2026\/09\/pegacito1-300x200.jpg 300w, http:\/\/elurbanoweb.com.ar\/diario\/wp-content\/uploads\/2026\/09\/pegacito1-150x100.jpg 150w, http:\/\/elurbanoweb.com.ar\/diario\/wp-content\/uploads\/2026\/09\/pegacito1-1536x1025.jpg 1536w, http:\/\/elurbanoweb.com.ar\/diario\/wp-content\/uploads\/2026\/09\/pegacito1.jpg 2048w\" sizes=\"auto, (max-width: 1024px) 100vw, 1024px\" \/> <img loading=\"lazy\" decoding=\"async\" class=\"alignnone wp-image-75292 size-large\" src=\"http:\/\/elurbanoweb.com.ar\/diario\/wp-content\/uploads\/2026\/09\/pegacito2-1024x683.jpg\" alt=\"\" width=\"1024\" height=\"683\" srcset=\"http:\/\/elurbanoweb.com.ar\/diario\/wp-content\/uploads\/2026\/09\/pegacito2-1024x683.jpg 1024w, http:\/\/elurbanoweb.com.ar\/diario\/wp-content\/uploads\/2026\/09\/pegacito2-300x200.jpg 300w, http:\/\/elurbanoweb.com.ar\/diario\/wp-content\/uploads\/2026\/09\/pegacito2-150x100.jpg 150w, http:\/\/elurbanoweb.com.ar\/diario\/wp-content\/uploads\/2026\/09\/pegacito2.jpg 1392w\" sizes=\"auto, (max-width: 1024px) 100vw, 1024px\" \/> <img loading=\"lazy\" decoding=\"async\" class=\"alignnone wp-image-75293 size-large\" src=\"http:\/\/elurbanoweb.com.ar\/diario\/wp-content\/uploads\/2026\/09\/pegacito3-1024x683.jpg\" alt=\"\" width=\"1024\" height=\"683\" srcset=\"http:\/\/elurbanoweb.com.ar\/diario\/wp-content\/uploads\/2026\/09\/pegacito3-1024x683.jpg 1024w, http:\/\/elurbanoweb.com.ar\/diario\/wp-content\/uploads\/2026\/09\/pegacito3-300x200.jpg 300w, http:\/\/elurbanoweb.com.ar\/diario\/wp-content\/uploads\/2026\/09\/pegacito3-150x100.jpg 150w, http:\/\/elurbanoweb.com.ar\/diario\/wp-content\/uploads\/2026\/09\/pegacito3-1536x1024.jpg 1536w, http:\/\/elurbanoweb.com.ar\/diario\/wp-content\/uploads\/2026\/09\/pegacito3.jpg 1599w\" sizes=\"auto, (max-width: 1024px) 100vw, 1024px\" \/> <img loading=\"lazy\" decoding=\"async\" class=\"alignnone wp-image-75294 size-large\" src=\"http:\/\/elurbanoweb.com.ar\/diario\/wp-content\/uploads\/2026\/09\/pegacito4-1024x752.jpg\" alt=\"\" width=\"1024\" height=\"752\" srcset=\"http:\/\/elurbanoweb.com.ar\/diario\/wp-content\/uploads\/2026\/09\/pegacito4-1024x752.jpg 1024w, http:\/\/elurbanoweb.com.ar\/diario\/wp-content\/uploads\/2026\/09\/pegacito4-300x220.jpg 300w, http:\/\/elurbanoweb.com.ar\/diario\/wp-content\/uploads\/2026\/09\/pegacito4-150x110.jpg 150w, http:\/\/elurbanoweb.com.ar\/diario\/wp-content\/uploads\/2026\/09\/pegacito4-1536x1128.jpg 1536w, http:\/\/elurbanoweb.com.ar\/diario\/wp-content\/uploads\/2026\/09\/pegacito4.jpg 2048w\" sizes=\"auto, (max-width: 1024px) 100vw, 1024px\" \/><\/p>\n","protected":false},"excerpt":{"rendered":"<p>La intendente, Ing. Norma Fuentes y el secretario de Deportes de la Provincia, Carlos Dapello, encabezaron la apertura oficial de la 12\u00b0 edici\u00f3n del Encuentro de Rugby Infantil \u201cPegasito\u201d, organizado&hellip; <\/p>\n","protected":false},"author":1,"featured_media":75290,"comment_status":"closed","ping_status":"closed","sticky":false,"template":"","format":"standard","meta":{"footnotes":""},"categories":[3],"tags":[],"class_list":["post-75289","post","type-post","status-publish","format-standard","has-post-thumbnail","hentry","category-municipio"],"_links":{"self":[{"href":"http:\/\/elurbanoweb.com.ar\/diario\/wp-json\/wp\/v2\/posts\/75289","targetHints":{"allow":["GET"]}}],"collection":[{"href":"http:\/\/elurbanoweb.com.ar\/diario\/wp-json\/wp\/v2\/posts"}],"about":[{"href":"http:\/\/elurbanoweb.com.ar\/diario\/wp-json\/wp\/v2\/types\/post"}],"author":[{"embeddable":true,"href":"http:\/\/elurbanoweb.com.ar\/diario\/wp-json\/wp\/v2\/users\/1"}],"replies":[{"embeddable":true,"href":"http:\/\/elurbanoweb.com.ar\/diario\/wp-json\/wp\/v2\/comments?post=75289"}],"version-history":[{"count":1,"href":"http:\/\/elurbanoweb.com.ar\/diario\/wp-json\/wp\/v2\/posts\/75289\/revisions"}],"predecessor-version":[{"id":75295,"href":"http:\/\/elurbanoweb.com.ar\/diario\/wp-json\/wp\/v2\/posts\/75289\/revisions\/75295"}],"wp:featuredmedia":[{"embeddable":true,"href":"http:\/\/elurbanoweb.com.ar\/diario\/wp-json\/wp\/v2\/media\/75290"}],"wp:attachment":[{"href":"http:\/\/elurbanoweb.com.ar\/diario\/wp-json\/wp\/v2\/media?parent=75289"}],"wp:term":[{"taxonomy":"category","embeddable":true,"href":"http:\/\/elurbanoweb.com.ar\/diario\/wp-json\/wp\/v2\/categories?post=75289"},{"taxonomy":"post_tag","embeddable":true,"href":"http:\/\/elurbanoweb.com.ar\/diario\/wp-json\/wp\/v2\/tags?post=75289"}],"curies":[{"name":"wp","href":"https:\/\/api.w.org\/{rel}","templated":true}]}}